{"id":15470,"date":"2020-07-25T17:36:52","date_gmt":"2020-07-25T22:36:52","guid":{"rendered":"http:\/\/www.zonaroja.com.mx\/?p=15470"},"modified":"2020-07-25T17:36:55","modified_gmt":"2020-07-25T22:36:55","slug":"reitera-poder-judicial-compromiso-de-prevencion-de-violencia-vs-mujeres","status":"publish","type":"post","link":"https:\/\/zonaroja.com.mx\/?p=15470","title":{"rendered":"Reitera Poder Judicial compromiso de prevenci\u00f3n de violencia vs. mujeres"},"content":{"rendered":"\n<p>Redacci\u00f3n\/Zona Roja.<\/p>\n\n\n\n<p>Oaxaca de Ju\u00e1rez, Oax., 25 de julio de\n2020.- De acuerdo con cifras del Banco Nacional de Datos e Informaci\u00f3n sobre\ncasos de violencia contra las Mujeres (BANAVIM), hasta el 24 de julio se ten\u00eda\nun registro en Oaxaca de cuatro mil 258 casos de violencia contra mujeres, de\nlos cuales en tres mil 22 los agresores fueron hombres y solo en 121 por otra\nmujer; en tanto que a nivel nacional se contabilizaban 647 mil 910 casos.<\/p>\n\n\n\n<p>Ante este panorama, el Poder Judicial\ndel Estado ha implementado estrategias como la Gu\u00eda de acciones para la\nprevenci\u00f3n y atenci\u00f3n en materia de violencia de g\u00e9nero ante la contingencia\ndel Covid-19, que dispone de los medios necesarios y judiciales que permita a\nlas mujeres poner fin a la situaci\u00f3n en la que se encuentran como consecuencia\nde la violencia de g\u00e9nero. <\/p>\n\n\n\n<p>El documento se puede consultar en el\nportal web institucional www.tribunaloaxaca.gob.mx.<\/p>\n\n\n\n<p>En el marco del D\u00eda Naranja, que se\nconmemora el 25 de cada mes, el Tribunal Superior de Justicia y el Consejo de\nla Judicatura reiteran su llamado a la sociedad a impedir que el confinamiento\npor la contingencia sanitaria que se vive actualmente propicie abusos,\ndesatenci\u00f3n, negligencia o da\u00f1o a la salud f\u00edsica y mental, o al desarrollo y\ndignidad de mujeres, ni\u00f1as, ni\u00f1os y adolescentes, as\u00ed como a fortalecer la\ncultura de la denuncia.<\/p>\n\n\n\n<p>En este compromiso, la administraci\u00f3n\ndel magistrado Eduardo Pinacho S\u00e1nchez conform\u00f3 la Comisi\u00f3n de Derechos Humanos\ne Igualdad de G\u00e9nero, presidida por la magistrada Gregoria Hortensia\nCastellanos Ch\u00e1vez e integrada por las magistradas Maribel Mendoza Flores, Alma\nL\u00f3pez V\u00e1squez y el magistrado Ricardo Porfirio Sibaja Ilescas.<\/p>\n\n\n\n<p>Uno de los objetivos de dicha comisi\u00f3n\nes transversalizar la perspectiva de g\u00e9nero en la labor que realiza la\ninstituci\u00f3n y promover espacios que permitan el intercambio y la difusi\u00f3n de\nbuenas pr\u00e1cticas en la materia, adem\u00e1s de generar acciones orientadas a la\nprevenci\u00f3n, atenci\u00f3n y erradicaci\u00f3n de tratos discriminatorios o violentos\nhacia el sector femenino.<\/p>\n\n\n\n<p>Se considera como tipos de violencia\nlas formas o manifestaciones en que se presenta. De acuerdo a lo establecido en\nel art\u00edculo 7\u00ba de la Ley Estatal de Acceso de las Mujeres a una Vida Libre de\nViolencia de G\u00e9nero, son: psicol\u00f3gica, f\u00edsica, patrimonial, econ\u00f3mica, sexual,\nfeminicida y cualesquiera otras formas an\u00e1logas que lesionen o sean\nsusceptibles de da\u00f1ar la integridad, dignidad, libertad y derechos de las\nmujeres.<\/p>\n","protected":false},"excerpt":{"rendered":"<p>Redacci\u00f3n\/Zona Roja. Oaxaca de Ju\u00e1rez, Oax., 25 de julio de 2020.- De acuerdo con cifras&hellip;<\/p>\n","protected":false},"author":2,"featured_media":15471,"comment_status":"closed","ping_status":"open","sticky":false,"template":"","format":"standard","meta":{"_lmt_disableupdate":"","_lmt_disable":"","_jetpack_memberships_contains_paid_content":false,"footnotes":""},"categories":[109,46],"tags":[223],"class_list":["post-15470","post","type-post","status-publish","format-standard","has-post-thumbnail","hentry","category-minuto-a-minuto","category-zona-blanca","tag-poder-judicial-de-oaxaca"],"jetpack_featured_media_url":"https:\/\/zonaroja.com.mx\/wp-content\/uploads\/2020\/07\/01-TRIB.jpg","jetpack_sharing_enabled":true,"_links":{"self":[{"href":"https:\/\/zonaroja.com.mx\/index.php?rest_route=\/wp\/v2\/posts\/15470","targetHints":{"allow":["GET"]}}],"collection":[{"href":"https:\/\/zonaroja.com.mx\/index.php?rest_route=\/wp\/v2\/posts"}],"about":[{"href":"https:\/\/zonaroja.com.mx\/index.php?rest_route=\/wp\/v2\/types\/post"}],"author":[{"embeddable":true,"href":"https:\/\/zonaroja.com.mx\/index.php?rest_route=\/wp\/v2\/users\/2"}],"replies":[{"embeddable":true,"href":"https:\/\/zonaroja.com.mx\/index.php?rest_route=%2Fwp%2Fv2%2Fcomments&post=15470"}],"version-history":[{"count":1,"href":"https:\/\/zonaroja.com.mx\/index.php?rest_route=\/wp\/v2\/posts\/15470\/revisions"}],"predecessor-version":[{"id":15472,"href":"https:\/\/zonaroja.com.mx\/index.php?rest_route=\/wp\/v2\/posts\/15470\/revisions\/15472"}],"wp:featuredmedia":[{"embeddable":true,"href":"https:\/\/zonaroja.com.mx\/index.php?rest_route=\/wp\/v2\/media\/15471"}],"wp:attachment":[{"href":"https:\/\/zonaroja.com.mx\/index.php?rest_route=%2Fwp%2Fv2%2Fmedia&parent=15470"}],"wp:term":[{"taxonomy":"category","embeddable":true,"href":"https:\/\/zonaroja.com.mx\/index.php?rest_route=%2Fwp%2Fv2%2Fcategories&post=15470"},{"taxonomy":"post_tag","embeddable":true,"href":"https:\/\/zonaroja.com.mx\/index.php?rest_route=%2Fwp%2Fv2%2Ftags&post=15470"}],"curies":[{"name":"wp","href":"https:\/\/api.w.org\/{rel}","templated":true}]}}