{"id":15477,"date":"2020-07-25T22:51:01","date_gmt":"2020-07-26T03:51:01","guid":{"rendered":"https:\/\/www.zonaroja.com.mx\/?p=15477"},"modified":"2020-07-25T22:51:05","modified_gmt":"2020-07-26T03:51:05","slug":"va-cerrando-la-primera-semana-en-semaforo-rojo-con-141-nuevos-casos-de-covid","status":"publish","type":"post","link":"https:\/\/zonaroja.com.mx\/?p=15477","title":{"rendered":"Va cerrando la primera semana en sem\u00e1foro rojo con 141 nuevos casos de Covid"},"content":{"rendered":"\n<p>Redacci\u00f3n\/Zona Roja. <\/p>\n\n\n\n<p>Oaxaca de Ju\u00e1rez, Oax. 25 de julio de 2020.-Los Servicios de Salud de Oaxaca (SSO) informaron que en el territorio estatal suman 878 defunciones a causa de la pandemia al corte de este s\u00e1bado 25 de julio, al registrarse la muerte de siete personas. <\/p>\n\n\n\n<p>La dependencia detall\u00f3 que m\u00e1s del 43% de las v\u00edctimas fatales por Covid-19 han sido adultos mayores de 65 a\u00f1os y m\u00e1s, principalmente con padecimientos subyacentes, afectando en un 64% a los hombres.&nbsp;<\/p>\n\n\n\n<p>Durante la presentaci\u00f3n del informe t\u00e9cnico sobre el avance de la emergencia sanitaria en la entidad, precis\u00f3 que en las \u00faltimas 24 horas se contabilizaron 141 casos nuevos, ubicados en 45 municipios, lo que da un total de nueve mil 655 pacientes que han dado positivo al contagio.&nbsp;<\/p>\n\n\n\n<p>Asimismo, se tienen el registro de 14 mil 909 notificaciones por s\u00edntomas compatibles al nuevo coronavirus, de los cuales cuarro mil 252 muestras resultaron negativas, mil 002 se tiene en laboratorio como sospechosas, adem\u00e1s ocho mil 200 personas se han recuperado del padecimiento, tras estar en aislamiento por 14 d\u00edas.&nbsp;<\/p>\n\n\n\n<p>Subray\u00f3 que Valles Centrales encabeza la lista de contagios acumulados con seis mil 359 casos, Tuxtepec notific\u00f3 mil 345, el Istmo con 886, Mixteca con 539, la Costa con 360 y la Sierra (Norte) con 166; de estos s\u00f3lo 577 se encuentran activos, con mayor incidencia en el municipio de Oaxaca de Ju\u00e1rez.&nbsp;<\/p>\n\n\n\n<p>En este sentido, reiter\u00f3 el llamado para que la poblaci\u00f3n contin\u00fae con las medidas preventivas, uso de cubrebocas y con el aislamiento voluntario, principalmente las y los pacientes con enfermedades cr\u00f3nicas, mayores de 60 a\u00f1os, mujeres embarazadas e infantes. <br><\/p>\n","protected":false},"excerpt":{"rendered":"<p>Redacci\u00f3n\/Zona Roja. Oaxaca de Ju\u00e1rez, Oax. 25 de julio de 2020.-Los Servicios de Salud de&hellip;<\/p>\n","protected":false},"author":2,"featured_media":15476,"comment_status":"closed","ping_status":"open","sticky":false,"template":"","format":"standard","meta":{"_lmt_disableupdate":"","_lmt_disable":"","_jetpack_memberships_contains_paid_content":false,"footnotes":""},"categories":[109,47],"tags":[1512],"class_list":["post-15477","post","type-post","status-publish","format-standard","has-post-thumbnail","hentry","category-minuto-a-minuto","category-zona-gris","tag-coronavirus-oaxaca"],"jetpack_featured_media_url":"https:\/\/zonaroja.com.mx\/wp-content\/uploads\/2020\/07\/343c9d9a-1427-4312-a1d8-97757690be0b.jpg","jetpack_sharing_enabled":true,"_links":{"self":[{"href":"https:\/\/zonaroja.com.mx\/index.php?rest_route=\/wp\/v2\/posts\/15477","targetHints":{"allow":["GET"]}}],"collection":[{"href":"https:\/\/zonaroja.com.mx\/index.php?rest_route=\/wp\/v2\/posts"}],"about":[{"href":"https:\/\/zonaroja.com.mx\/index.php?rest_route=\/wp\/v2\/types\/post"}],"author":[{"embeddable":true,"href":"https:\/\/zonaroja.com.mx\/index.php?rest_route=\/wp\/v2\/users\/2"}],"replies":[{"embeddable":true,"href":"https:\/\/zonaroja.com.mx\/index.php?rest_route=%2Fwp%2Fv2%2Fcomments&post=15477"}],"version-history":[{"count":1,"href":"https:\/\/zonaroja.com.mx\/index.php?rest_route=\/wp\/v2\/posts\/15477\/revisions"}],"predecessor-version":[{"id":15478,"href":"https:\/\/zonaroja.com.mx\/index.php?rest_route=\/wp\/v2\/posts\/15477\/revisions\/15478"}],"wp:featuredmedia":[{"embeddable":true,"href":"https:\/\/zonaroja.com.mx\/index.php?rest_route=\/wp\/v2\/media\/15476"}],"wp:attachment":[{"href":"https:\/\/zonaroja.com.mx\/index.php?rest_route=%2Fwp%2Fv2%2Fmedia&parent=15477"}],"wp:term":[{"taxonomy":"category","embeddable":true,"href":"https:\/\/zonaroja.com.mx\/index.php?rest_route=%2Fwp%2Fv2%2Fcategories&post=15477"},{"taxonomy":"post_tag","embeddable":true,"href":"https:\/\/zonaroja.com.mx\/index.php?rest_route=%2Fwp%2Fv2%2Ftags&post=15477"}],"curies":[{"name":"wp","href":"https:\/\/api.w.org\/{rel}","templated":true}]}}