{"id":15479,"date":"2020-07-26T07:50:21","date_gmt":"2020-07-26T12:50:21","guid":{"rendered":"http:\/\/www.zonaroja.com.mx\/?p=15479"},"modified":"2020-07-26T07:50:24","modified_gmt":"2020-07-26T12:50:24","slug":"violencia-de-genero-del-edil-de-oaxaca-y-silencio-de-su-cabildo-vulneran-derechos-de-mujeres","status":"publish","type":"post","link":"https:\/\/zonaroja.com.mx\/?p=15479","title":{"rendered":"Violencia de g\u00e9nero del edil de Oaxaca y silencio de su Cabildo vulneran derechos de mujeres"},"content":{"rendered":"\n<p>Evlin Arag\u00f3n\/Zona Roja.<\/p>\n\n\n\n<p>Oaxaca de Ju\u00e1rez, Oax., 26 de julio de\n2020.- \u201cComo podemos buscar acciones desde el municipio si el presidente es un\nmis\u00f3gino, macho, violentador, que ha hecho o\u00eddos sordos ante el llamado de los\ndos consejos y de todas las organizaciones y asociaciones que han firmado los\npronunciamientos en contra del despido injustificado de la ex titular del\nInstituto Municipal de las Mujeres\u201d.<\/p>\n\n\n\n<p>Son declaraciones que evidencian el\nmotivo de la renuncia masiva de las integrantes del Consejo Consultivo del\nInstituto Municipal de la Mujer de Oaxaca de Ju\u00e1rez y del Consejo Municipal\npara la Prevenci\u00f3n, Atenci\u00f3n, Sanci\u00f3n y Erradicaci\u00f3n de la Violencia de G\u00e9nero,\nque hicieron p\u00fablica este mi\u00e9rcoles mediante una conferencia virtual.<\/p>\n\n\n\n<p>Las activistas en defensa de los\nderechos de las mujeres coincidieron en el nulo inter\u00e9s que ha mostrado no s\u00f3lo\nel edil capitalino Oswaldo Garc\u00eda Jarqu\u00edn en escuchar la postura de las\nespecialistas en feminismo y derechos de las mujeres, sino del Cabildo en\nanalizar de fondo una denuncia por violencia pol\u00edtica y de g\u00e9nero en contra de\nla ex titular del IMM, Jaquelina Escamilla Villanueva.<\/p>\n\n\n\n<p>Para la ex consejera y activista Vilma\nKatt Ulloa, es evidente que ni el presidente municipal ni el Cabildo est\u00e1n\nprestos para atender las demandas de las mujeres que habitan en la capital\noaxaque\u00f1a y que diariamente se enfrentan a altos niveles de violencia de g\u00e9nero\ny feminicida, como lo confirman las cifras oficiales y de organizaciones\nsociales.<\/p>\n\n\n\n<p>De acuerdo con las consejeras, nadie al\ninterior del Cabildo municipal se pronunci\u00f3 en torno a la violencia ejercida\npor edil, nadie se inconform\u00f3 p\u00fablicamente con el despido injustificado de una\nmujer que defendi\u00f3 el derecho de otras a decidir sobre sus cuerpos, motivo por\nel cual fue amenazada y despedida v\u00eda telef\u00f3nica, sin ning\u00fan tipo de\nnotificaci\u00f3n oficial, hasta la fecha.<\/p>\n\n\n\n<p>\u201cHasta este momento no ha habido un\npronunciamiento categ\u00f3rico en torno al caso que deber\u00eda indignar por la\nviolencia que se ejerci\u00f3 en contra de una mujer en el \u00e1mbito de lo p\u00fablico y en\nconsecuencia, todo el da\u00f1o colateral que ha tra\u00eddo en perjuicio de otras mujeres\u201d,\nrefiri\u00f3 Erika Lil\u00ed D\u00edaz.<\/p>\n\n\n\n<p>Y es que el despido de la ex funcionaria\nestuvo acompa\u00f1ado de la recisi\u00f3n de contrato de otras diez personas que\nlaboraban en la instancia, lo que independientemente de dejarlas en el\ndesamparo en plena pandemia, impidi\u00f3 la atenci\u00f3n puntual a las usuarias de los\nservicios que el instituto brinda, dentro de ellos la atenci\u00f3n a la violencia\nintrafamiliar que se ha incrementado en esta contingencia.<\/p>\n\n\n\n<p>Por lo anterior, la activista y abogada\nErika Lil\u00ed D\u00edaz reiter\u00f3 que la no actuaci\u00f3n de la autoridad municipal deja en\nel desamparo a otras mujeres que intenten denunciar alg\u00fan tipo de violencia, ya\nque al dejar pasar como si nada un caso al interior de la administraci\u00f3n que se\npuede esperar en la atenci\u00f3n de una mujer que no ostenta ning\u00fan cargo p\u00fablico.<\/p>\n\n\n\n<p>As\u00ed mismo cuestion\u00f3 el despido del\nequipo de trabajo de Escamilla Villanueva, que pese a los lineamientos de\nautoridades federales que prohibieron el despido de personal durante la\ncontingencia sanitaria, dejaron en la indefensi\u00f3n a familias enteras que se\nenfrentan al desempleo en tiempos econ\u00f3micos complicados; acci\u00f3n por la cu\u00e1l\ntampoco se pronunciaron las y los integrantes del Cabildo que se promocionan\npreocupados por los efectos de la pandemia en sus redes sociales.<\/p>\n\n\n\n<p>\u201cMe parce peligroso que no haya habido\nun se\u00f1alamiento categ\u00f3rico, y que mucho menos se hayan iniciado las\ninvestigaciones administrativas del debido cumplimento de su deber municipal\u201d,\ndijo.<\/p>\n\n\n\n<p>Por su parte, la periodista y tambi\u00e9n\nex consejera Paulina R\u00edos calific\u00f3 de indignante el actuar del Cabildo\nmunicipal que pese a los se\u00f1alamientos de violencia pol\u00edtica, no cuestionaron\nel despido de la ex funcionaria y tampoco abundaron en el tema pese a que el\nestado est\u00e1 obligado a garantizar a sus mujeres una vida libre de violencia.<\/p>\n\n\n\n<p>Finalmente, las consejeras coincidieron\nque la violencia ejercida por la autoridad municipal violenta a todas las\nmujeres y nos s\u00f3lo a una funcionaria, y que el silencio de todo el Cabildo\nevidencia la complicidad y permisividad que aun existe en torno a la violencia\nde g\u00e9nero en la capital oaxaque\u00f1a, lo cual no puede dejarse pasar, de ah\u00ed la\nrenuncia masiva para evitar ser c\u00f3mplices de un actuar violento, que perjudica\nlos derechos de las oaxaque\u00f1as.&nbsp; <\/p>\n","protected":false},"excerpt":{"rendered":"<p>Evlin Arag\u00f3n\/Zona Roja. Oaxaca de Ju\u00e1rez, Oax., 26 de julio de 2020.- \u201cComo podemos buscar&hellip;<\/p>\n","protected":false},"author":2,"featured_media":1870,"comment_status":"closed","ping_status":"open","sticky":false,"template":"","format":"standard","meta":{"_lmt_disableupdate":"","_lmt_disable":"","_jetpack_memberships_contains_paid_content":false,"footnotes":""},"categories":[109,47],"tags":[191,115],"class_list":["post-15479","post","type-post","status-publish","format-standard","has-post-thumbnail","hentry","category-minuto-a-minuto","category-zona-gris","tag-instituto-municipal-de-la-mujer-oaxaquena","tag-oswaldo-garcia-jarquin"],"jetpack_featured_media_url":"https:\/\/zonaroja.com.mx\/wp-content\/uploads\/2019\/06\/3.jpg","jetpack_sharing_enabled":true,"_links":{"self":[{"href":"https:\/\/zonaroja.com.mx\/index.php?rest_route=\/wp\/v2\/posts\/15479","targetHints":{"allow":["GET"]}}],"collection":[{"href":"https:\/\/zonaroja.com.mx\/index.php?rest_route=\/wp\/v2\/posts"}],"about":[{"href":"https:\/\/zonaroja.com.mx\/index.php?rest_route=\/wp\/v2\/types\/post"}],"author":[{"embeddable":true,"href":"https:\/\/zonaroja.com.mx\/index.php?rest_route=\/wp\/v2\/users\/2"}],"replies":[{"embeddable":true,"href":"https:\/\/zonaroja.com.mx\/index.php?rest_route=%2Fwp%2Fv2%2Fcomments&post=15479"}],"version-history":[{"count":1,"href":"https:\/\/zonaroja.com.mx\/index.php?rest_route=\/wp\/v2\/posts\/15479\/revisions"}],"predecessor-version":[{"id":15480,"href":"https:\/\/zonaroja.com.mx\/index.php?rest_route=\/wp\/v2\/posts\/15479\/revisions\/15480"}],"wp:featuredmedia":[{"embeddable":true,"href":"https:\/\/zonaroja.com.mx\/index.php?rest_route=\/wp\/v2\/media\/1870"}],"wp:attachment":[{"href":"https:\/\/zonaroja.com.mx\/index.php?rest_route=%2Fwp%2Fv2%2Fmedia&parent=15479"}],"wp:term":[{"taxonomy":"category","embeddable":true,"href":"https:\/\/zonaroja.com.mx\/index.php?rest_route=%2Fwp%2Fv2%2Fcategories&post=15479"},{"taxonomy":"post_tag","embeddable":true,"href":"https:\/\/zonaroja.com.mx\/index.php?rest_route=%2Fwp%2Fv2%2Ftags&post=15479"}],"curies":[{"name":"wp","href":"https:\/\/api.w.org\/{rel}","templated":true}]}}