{"id":1548,"date":"2019-06-06T21:56:46","date_gmt":"2019-06-07T02:56:46","guid":{"rendered":"http:\/\/www.zonaroja.com.mx\/?p=1548"},"modified":"2019-06-06T21:56:48","modified_gmt":"2019-06-07T02:56:48","slug":"piden-a-nivel-internacional-justicia-por-crimen-de-fotoperiodista-de-oaxaca","status":"publish","type":"post","link":"https:\/\/zonaroja.com.mx\/?p=1548","title":{"rendered":"Piden a nivel internacional justicia por crimen de fotoperiodista de Oaxaca"},"content":{"rendered":"\n<figure class=\"wp-block-image\"><img decoding=\"async\" width=\"1024\" height=\"768\" src=\"http:\/\/www.zonaroja.com.mx\/wp-content\/uploads\/2019\/06\/Justicia-para-Sol-1024x768.jpg\" alt=\"\" class=\"wp-image-1549\" srcset=\"https:\/\/zonaroja.com.mx\/wp-content\/uploads\/2019\/06\/Justicia-para-Sol-1024x768.jpg 1024w, https:\/\/zonaroja.com.mx\/wp-content\/uploads\/2019\/06\/Justicia-para-Sol-300x225.jpg 300w, https:\/\/zonaroja.com.mx\/wp-content\/uploads\/2019\/06\/Justicia-para-Sol-768x576.jpg 768w, https:\/\/zonaroja.com.mx\/wp-content\/uploads\/2019\/06\/Justicia-para-Sol-1170x878.jpg 1170w, https:\/\/zonaroja.com.mx\/wp-content\/uploads\/2019\/06\/Justicia-para-Sol-1920x1440.jpg 1920w, https:\/\/zonaroja.com.mx\/wp-content\/uploads\/2019\/06\/Justicia-para-Sol-585x439.jpg 585w, https:\/\/zonaroja.com.mx\/wp-content\/uploads\/2019\/06\/Justicia-para-Sol.jpg 2016w\" sizes=\"(max-width: 1024px) 100vw, 1024px\" \/><figcaption> Foto: Zona Roja Oaxaca<\/figcaption><\/figure>\n\n\n\n<p>Redacci\u00f3n<\/p>\n\n\n\n<p>Oaxaca de\nJu\u00e1rez, Oax., 6 de junio de 2019.- Grupos civiles internacionales aglutinados en\nel Observatorio para la Protecci\u00f3n de los Defensores de Derechos Humanos (El\nObservatorio) y la organizaci\u00f3n Front Line Defenders pidieron hoy al Estado\nmexicano protecci\u00f3n para la periodista oaxaque\u00f1a Soledad Jarqu\u00edn Edgar y\njusticia por el asesinato de su hija Mar\u00eda del Sol Cruz Jarqu\u00edn.<\/p>\n\n\n\n<p>En un\npronunciamiento firmado en las ciudades europeas Ginebra-Par\u00eds-Dubl\u00edn, se\u00f1alaron\nque la comunicadora \u201cviene sufriendo constantes amenazas, actos de intimidaci\u00f3n\ny hostigamiento, incluyendo ataques digitales y amenazas de muerte a trav\u00e9s de\nredes sociales\u201d.<\/p>\n\n\n\n<p>Adem\u00e1s, las amenazas\ncontra su vida e incidentes de seguridad contra ella han aumentado tras su\nintensa labor en la b\u00fasqueda de justicia ante diversas autoridades judiciales,\ncon el prop\u00f3sito de revelar los autores materiales e intelectuales del\nasesinato de su hija Mar\u00eda del Sol Cruz Jarqu\u00edn, ocurrido el 2 de junio de\n2018, en el municipio de Juchit\u00e1n de Zaragoza, en el estado de Oaxaca.<\/p>\n\n\n\n<p>Sostiene que\npese la existencia de varias carpetas de investigaci\u00f3n abiertas, a un a\u00f1o del\nfeminicidio, los avances en el estado de las investigaciones siguen siendo\nm\u00ednimos. Con base en el riesgo de impunidad y por las caracter\u00edsticas del caso,\nSoledad Jarqu\u00edn y organizaciones acompa\u00f1antes han solicitado que el caso sea\natra\u00eddo por la Fiscal\u00eda General de la Rep\u00fablica (FGR).<\/p>\n\n\n\n<p>\u201cEl caso de\nMar\u00eda del Sol Cruz Jarqu\u00edn y la impunidad que se sigui\u00f3 es emblem\u00e1tico de la\ndram\u00e1tica situaci\u00f3n de violencia feminicida en Oaxaca, que est\u00e1 en aumento\nexponencial. Tan solo en los dos a\u00f1os y medio de la actual administraci\u00f3n\nfueron documentados al menos 297 feminicidios, 67 por ciento m\u00e1s que en el\nmismo periodo durante el sexenio anterior\u201d, expone.<\/p>\n\n\n\n<p>Detalla que\nen junio de 2018, luego del asesinato de su hija, Soledad Jarqu\u00edn fue\nincorporada al Mecanismo Nacional de Protecci\u00f3n a Personas Defensoras y\nPeriodistas dadas las amenazas que exist\u00edan en su contra. <\/p>\n\n\n\n<p>\u201cUna de las\nmedidas de protecci\u00f3n acordada fue la instalaci\u00f3n de mesas de trabajo con la\nSecretar\u00eda de Gobernaci\u00f3n y la Fiscal\u00eda General del Estado de Oaxaca con el\nprop\u00f3sito de lograr avances en las investigaciones por la muerte de su hija.\nSin embargo, la sesi\u00f3n prevista para abril de 2019 fue cancelada unilateralmente\npor las autoridades. Adem\u00e1s, hasta la fecha, la defensora sigue sin medidas que\ngaranticen una protecci\u00f3n adecuada\u201d.<\/p>\n\n\n\n<p>Los\norganismos internacionales demandan a las autoridades mexicanas que adopten\nmedidas urgentes y efectivas para proteger la vida e integridad f\u00edsica de &nbsp;Soledad Jarqu\u00edn, as\u00ed como a garantizar con la\nmayor celeridad, una investigaci\u00f3n independiente, inmediata, exhaustiva e\nimparcial para evitar que el crimen de su hija Mar\u00eda del Sol Cruz Jarqu\u00edn quede\nen la impunidad.<\/p>\n\n\n\n<p>Adem\u00e1s, el\nObservatorio y Front Line Defenders instan a las autoridades mexicanas a que\nlleven a cabo investigaciones inmediatas, exhaustivas e imparciales sobre las\namenazas y ataques contra la periodista, con miras a publicar los resultados y\nllevar a los responsables ante la justicia de acuerdo con las normas\ninternacionales; as\u00ed como a que garanticen, en todas las instancias, que las\ndefensoras de derechos humanos en M\u00e9xico puedan realizar sus actividades\nleg\u00edtimas de derechos humanos sin temor a represalias, incluyendo amenazas de\nviolencia.<\/p>\n\n\n\n<p>El\nObservatorio es un programa creado en 1997 por la Organizaci\u00f3n Mundial Contra\nla Tortura (OMCT) y la FIDH y tiene por objetivo intervenir para prevenir o\nremediar situaciones concretas de represi\u00f3n contra los defensores y defensoras\nde los derechos humanos. OMCT y FIDH son ambos miembros de ProtectDefenders.eu,\nel Mecanismo de la Uni\u00f3n Europea para Defensores de Derechos Humanos\nimplementado por la sociedad civil internacional.<\/p>\n\n\n\n<p>En tanto que\nFront Line Defenders trabaja en favor de la protecci\u00f3n, la seguridad y el\nbienestar de los defensores y defensoras de derechos humanos en riesgo en todo\nel mundo, proporcionando subvenciones, formaci\u00f3n y fortalecimiento de las\ncapacidades en materia de protecci\u00f3n f\u00edsica y digital, trabajo de incidencia y\ncampa\u00f1as de visibilidad para personas defensoras de derechos humanos en riesgo.<\/p>\n","protected":false},"excerpt":{"rendered":"<p>Redacci\u00f3n Oaxaca de Ju\u00e1rez, Oax., 6 de junio de 2019.- Grupos civiles internacionales aglutinados en&hellip;<\/p>\n","protected":false},"author":2,"featured_media":0,"comment_status":"closed","ping_status":"open","sticky":false,"template":"","format":"standard","meta":{"_lmt_disableupdate":"","_lmt_disable":"","_jetpack_memberships_contains_paid_content":false,"footnotes":""},"categories":[51],"tags":[59,56,57,58],"class_list":["post-1548","post","type-post","status-publish","format-standard","hentry","category-zona-roja","tag-fiscalia-general-del-estado","tag-justicia","tag-maria-del-sol-cruz","tag-oaxaca"],"jetpack_featured_media_url":"","jetpack_sharing_enabled":true,"_links":{"self":[{"href":"https:\/\/zonaroja.com.mx\/index.php?rest_route=\/wp\/v2\/posts\/1548","targetHints":{"allow":["GET"]}}],"collection":[{"href":"https:\/\/zonaroja.com.mx\/index.php?rest_route=\/wp\/v2\/posts"}],"about":[{"href":"https:\/\/zonaroja.com.mx\/index.php?rest_route=\/wp\/v2\/types\/post"}],"author":[{"embeddable":true,"href":"https:\/\/zonaroja.com.mx\/index.php?rest_route=\/wp\/v2\/users\/2"}],"replies":[{"embeddable":true,"href":"https:\/\/zonaroja.com.mx\/index.php?rest_route=%2Fwp%2Fv2%2Fcomments&post=1548"}],"version-history":[{"count":1,"href":"https:\/\/zonaroja.com.mx\/index.php?rest_route=\/wp\/v2\/posts\/1548\/revisions"}],"predecessor-version":[{"id":1550,"href":"https:\/\/zonaroja.com.mx\/index.php?rest_route=\/wp\/v2\/posts\/1548\/revisions\/1550"}],"wp:attachment":[{"href":"https:\/\/zonaroja.com.mx\/index.php?rest_route=%2Fwp%2Fv2%2Fmedia&parent=1548"}],"wp:term":[{"taxonomy":"category","embeddable":true,"href":"https:\/\/zonaroja.com.mx\/index.php?rest_route=%2Fwp%2Fv2%2Fcategories&post=1548"},{"taxonomy":"post_tag","embeddable":true,"href":"https:\/\/zonaroja.com.mx\/index.php?rest_route=%2Fwp%2Fv2%2Ftags&post=1548"}],"curies":[{"name":"wp","href":"https:\/\/api.w.org\/{rel}","templated":true}]}}