{"id":15481,"date":"2020-07-26T08:11:20","date_gmt":"2020-07-26T13:11:20","guid":{"rendered":"http:\/\/www.zonaroja.com.mx\/?p=15481"},"modified":"2020-07-26T08:11:23","modified_gmt":"2020-07-26T13:11:23","slug":"reprueba-el-ieepo-a-futuros-maestros-de-dos-escuelas-normales","status":"publish","type":"post","link":"https:\/\/zonaroja.com.mx\/?p=15481","title":{"rendered":"Reprueba el IEEPO a futuros maestros de dos escuelas normales"},"content":{"rendered":"\n<p>Ismael Garc\u00eda M.\/Zona Roja.<\/p>\n\n\n\n<p>Oaxaca de Ju\u00e1rez, Oax., 26 de julio de\n2020.- Sin ofrecer alternativas ajenas a la educaci\u00f3n a distancia, el Instituto\nEstatal de Educaci\u00f3n P\u00fablica de Oaxaca (IEEPO) reprob\u00f3 a aspirantes a docentes\nde dos escuelas normales del estado, acusaron los afectados.<\/p>\n\n\n\n<p>Mediante un comunicado, se\u00f1alaron al\njefe de la Unidad de Educaci\u00f3n Normal y Formaci\u00f3n de Docentes del Instituto,\nCarlos Alberto Cuevas Cervantes, de no validar el semestre pasado a alumnos del\nCentro Regional de Educaci\u00f3n Normal de Oaxaca (CRENO) y a la Escuela Normal de\nEducaci\u00f3n Preescolar de Oaxaca (ENEPO).<\/p>\n\n\n\n<p>Juan Guti\u00e9rrez Gonz\u00e1lez, director del\nCRENO, acus\u00f3 al funcionario educativo por la \u201cactitud prepotente y autoritaria\nque ha manifestado en contra no s\u00f3lo de mi integridad personal y profesional,\nsino en contra de los derechos fundamentales de toda la comunidad normalista\nque represento\u201d.<\/p>\n\n\n\n<p>A\u00f1adi\u00f3 que durante el tiempo de la\npandemia, \u201ccomo les consta a los directores, nos convoc\u00f3 para indicar que se\ncontinuara con los trabajos acad\u00e9micos del semestre en la modalidad en l\u00ednea. <\/p>\n\n\n\n<p>\u201cHecho que como escuela lo hicimos,\ninclusive antes, porque aunque los maestros y alumnos no estaban preparados\npara realizar sus estudios de ese modo, la totalidad del personal docente y\nalumnos demostraron siempre disposici\u00f3n y capacidad para hacerlo. <\/p>\n\n\n\n<p>\u201cAjustados a ello y a la situaci\u00f3n\nnacional, se cumpli\u00f3 con los trabajos acad\u00e9micos de los cursos de todos los\nsemestres del ciclo escolar que acaba de concluir.<\/p>\n\n\n\n<p>\u201cEn el informe final que solicit\u00f3 la\ncitada Unidad, se sigui\u00f3 la estructura del formato indicado; sin embargo, ante\nla imposibilidad de enviar todos los trabajos (evidencias) de cada uno de los\nalumnos y de cada uno de los cursos, se opt\u00f3 por enviar \u00fanicamente dos de cada\ncurso.<\/p>\n\n\n\n<p>\u201cNo obstante lo anterior, el licenciado\nCarlos (Alberto Cuevas) determin\u00f3 no dar como v\u00e1lidos los semestres cursados\n(2\u00ba., 4\u00ba. y 6\u00ba. A\u00fan est\u00e1 pendiente 8\u00ba.). No son comprensibles a mi persona las\nrazones o si est\u00e1 dentro de sus facultades decidir a trav\u00e9s de las\ncaracter\u00edsticas de un informe, otorgar validaciones de estudios.<\/p>\n\n\n\n<p>\u201cPuedo entender que tenga alguna\nmolestia con mi persona por ser quien en ocasiones he manifestado alg\u00fan\ndesacuerdo porque la mayor\u00eda de veces, no permite sugerencias o propuestas,\ns\u00f3lo hay que acatar y obedecer sus indicaciones.<\/p>\n\n\n\n<p>\u201cCada uno de nosotros sabemos nuestras\nfunciones y responsabilidades, las cumplimos siempre en el marco de respeto y\ndignidad que el movimiento magisterial nos ha ense\u00f1ado\u201d, expuso en el\ncomunicado. <\/p>\n\n\n\n<p>Por lo anterior, convoc\u00f3 a los\nrepresentantes del nivel en la dirigencia de la Secci\u00f3n 22 del Sindicato\nNacional de Trabajadores de la Educaci\u00f3n (SNTE) a intervenir de manera urgente\npara solucionar esta situaci\u00f3n, as\u00ed como a las dem\u00e1s escuelas normales a\norganizarse para iniciar una movilizaci\u00f3n. <\/p>\n","protected":false},"excerpt":{"rendered":"<p>Ismael Garc\u00eda M.\/Zona Roja. Oaxaca de Ju\u00e1rez, Oax., 26 de julio de 2020.- Sin ofrecer&hellip;<\/p>\n","protected":false},"author":2,"featured_media":15482,"comment_status":"closed","ping_status":"open","sticky":false,"template":"","format":"standard","meta":{"_lmt_disableupdate":"","_lmt_disable":"","_jetpack_memberships_contains_paid_content":false,"footnotes":""},"categories":[109,47],"tags":[599],"class_list":["post-15481","post","type-post","status-publish","format-standard","has-post-thumbnail","hentry","category-minuto-a-minuto","category-zona-gris","tag-instituto-estatal-de-educacion-publica-de-oaxaca"],"jetpack_featured_media_url":"https:\/\/zonaroja.com.mx\/wp-content\/uploads\/2020\/07\/CRENO.jpg","jetpack_sharing_enabled":true,"_links":{"self":[{"href":"https:\/\/zonaroja.com.mx\/index.php?rest_route=\/wp\/v2\/posts\/15481","targetHints":{"allow":["GET"]}}],"collection":[{"href":"https:\/\/zonaroja.com.mx\/index.php?rest_route=\/wp\/v2\/posts"}],"about":[{"href":"https:\/\/zonaroja.com.mx\/index.php?rest_route=\/wp\/v2\/types\/post"}],"author":[{"embeddable":true,"href":"https:\/\/zonaroja.com.mx\/index.php?rest_route=\/wp\/v2\/users\/2"}],"replies":[{"embeddable":true,"href":"https:\/\/zonaroja.com.mx\/index.php?rest_route=%2Fwp%2Fv2%2Fcomments&post=15481"}],"version-history":[{"count":1,"href":"https:\/\/zonaroja.com.mx\/index.php?rest_route=\/wp\/v2\/posts\/15481\/revisions"}],"predecessor-version":[{"id":15483,"href":"https:\/\/zonaroja.com.mx\/index.php?rest_route=\/wp\/v2\/posts\/15481\/revisions\/15483"}],"wp:featuredmedia":[{"embeddable":true,"href":"https:\/\/zonaroja.com.mx\/index.php?rest_route=\/wp\/v2\/media\/15482"}],"wp:attachment":[{"href":"https:\/\/zonaroja.com.mx\/index.php?rest_route=%2Fwp%2Fv2%2Fmedia&parent=15481"}],"wp:term":[{"taxonomy":"category","embeddable":true,"href":"https:\/\/zonaroja.com.mx\/index.php?rest_route=%2Fwp%2Fv2%2Fcategories&post=15481"},{"taxonomy":"post_tag","embeddable":true,"href":"https:\/\/zonaroja.com.mx\/index.php?rest_route=%2Fwp%2Fv2%2Ftags&post=15481"}],"curies":[{"name":"wp","href":"https:\/\/api.w.org\/{rel}","templated":true}]}}