{"id":15484,"date":"2020-07-26T08:22:16","date_gmt":"2020-07-26T13:22:16","guid":{"rendered":"http:\/\/www.zonaroja.com.mx\/?p=15484"},"modified":"2020-07-26T08:22:19","modified_gmt":"2020-07-26T13:22:19","slug":"mexico-supera-pronosticos-en-muertes-por-covid-hay-rebrotes-en-paises-desarrollados","status":"publish","type":"post","link":"https:\/\/zonaroja.com.mx\/?p=15484","title":{"rendered":"M\u00e9xico supera pron\u00f3sticos en muertes por Covid; hay rebrotes en pa\u00edses desarrollados"},"content":{"rendered":"\n<p>Redacci\u00f3n\/Zona Roja Cdmx.<\/p>\n\n\n\n<p>Ciudad de M\u00e9xico, 26 de julio de 2020.-\nEn tanto que M\u00e9xico super\u00f3 los pron\u00f3sticos de muertes por Covid-19 y otras\nenfermedades, en pa\u00edses desarrollados de Europa y Asia hay un rebrote con un\nalto n\u00famero de nuevos contagios.<\/p>\n\n\n\n<p>En el pa\u00eds, la Secretar\u00eda de Salud\nfederal reconoci\u00f3 que este a\u00f1o ha fallecido m\u00e1s gente de lo anticipado por las\nautoridades.<\/p>\n\n\n\n<p>Report\u00f3 un exceso de mortalidad de 55%\nen el pa\u00eds, relacionado tanto al Covid-19 como a otras enfermedades, por lo que\nestos decesos extra no se explican \u00fanicamente por la pandemia.<\/p>\n\n\n\n<p>Explic\u00f3 que entre las semanas 12 y 26,\nes decir, de mediados de marzo a finales de junio, esperaban 130 mil 763\ndefunciones en 20 estados analizados, pero sumaron 202 mil 077, es decir, 71\nmil 315 m\u00e1s. <\/p>\n\n\n\n<p>Para el grupo poblacional de 45 a 64\na\u00f1os se esperaban 32 mil 301 muertes, pero hubo 63 mil 548, un 97% de aumento.<\/p>\n\n\n\n<p>Indic\u00f3 que hay ocho mil 829\nfallecimientos relacionados con SARS-CoV-2 en proceso de dictaminaci\u00f3n.<\/p>\n\n\n\n<p>CRISIS POR REBROTES<\/p>\n\n\n\n<p>Por otra parte, la segunda ola de\ncontagios ya golpea a Alemania con un alarmante incremento de las tasas de\ninfecci\u00f3n diarias, inform\u00f3 Michael Kretschmer, primer ministro del estado\nfederado de Sajonia. <\/p>\n\n\n\n<p>El Instituto Robert Koch certific\u00f3 que\nlas infecciones cada 24 horas pasaron de alrededor de 500 a m\u00e1s de 800 durante\nlos \u00faltimos d\u00edas.<\/p>\n\n\n\n<p>En tanto, los rebrotes en varios puntos\nde Espa\u00f1a, especialmente en las regiones de Arag\u00f3n y Catalu\u00f1a, llevaron a que\npa\u00edses como Reino Unido, Francia y Noruega volvieran a imponer restricciones a\nquienes llegan desde la pen\u00ednsula ib\u00e9rica.<\/p>\n\n\n\n<p>En 30 de las 52 provincias espa\u00f1olas se\ndetect\u00f3 un aumento de contagios y de ingresos a hospitales, al registrar m\u00e1s de\nmil 500 casos s\u00f3lo esta semana, inform\u00f3 el diario El Pa\u00eds.<\/p>\n\n\n\n<p>El primer ministro brit\u00e1nico, Boris\nJohnson, reconoci\u00f3 que su gobierno cometi\u00f3 errores durante la gesti\u00f3n de la\nemergencia sanitaria, especialmente al relajar las medidas de contenci\u00f3n\ndurante las primeras semanas del brote.<\/p>\n\n\n\n<p>India confirm\u00f3 que los contagios\ndiarios volvieron rozar los 50 mil y que se duplic\u00f3 la cifra de casos con la\nque comenz\u00f3 el mes al llegar a 1.3 millones de infectados.<\/p>\n\n\n\n<p>Corea del Sur report\u00f3 m\u00e1s de 100 nuevas\ninfecciones por primera vez en cuatro meses, mientras en Corea del Norte un\nprimer caso sospechoso fue detectado en el pa\u00eds, que se halla en emergencia\nm\u00e1xima.<\/p>\n\n\n\n<p>Hasta ayer, en el mundo la pandemia\ndej\u00f3 641 mil 940 muertos, 15 millones 914 mil 581 contagiados y 9 millones 183\nmil 399 recuperados, seg\u00fan un conteo de la Universidad Johns Hopkins.<\/p>\n\n\n\n<p>Desde el primero de julio se\nregistraron m\u00e1s de 5 millones de contagios, lo que equivale a un tercio del\ntotal de casos globales desde el surgimiento de la pandemia. Este viernes, y\npor primera vez, se diagnosticaron m\u00e1s de 280 mil contagios en el mundo en 24\nhoras.<\/p>\n","protected":false},"excerpt":{"rendered":"<p>Redacci\u00f3n\/Zona Roja Cdmx. Ciudad de M\u00e9xico, 26 de julio de 2020.- En tanto que M\u00e9xico&hellip;<\/p>\n","protected":false},"author":2,"featured_media":13360,"comment_status":"closed","ping_status":"open","sticky":false,"template":"","format":"standard","meta":{"_lmt_disableupdate":"","_lmt_disable":"","_jetpack_memberships_contains_paid_content":false,"footnotes":""},"categories":[109,47],"tags":[1328],"class_list":["post-15484","post","type-post","status-publish","format-standard","has-post-thumbnail","hentry","category-minuto-a-minuto","category-zona-gris","tag-coronavirus-mexico"],"jetpack_featured_media_url":"https:\/\/zonaroja.com.mx\/wp-content\/uploads\/2020\/06\/Muertos-Covid-2.jpeg","jetpack_sharing_enabled":true,"_links":{"self":[{"href":"https:\/\/zonaroja.com.mx\/index.php?rest_route=\/wp\/v2\/posts\/15484","targetHints":{"allow":["GET"]}}],"collection":[{"href":"https:\/\/zonaroja.com.mx\/index.php?rest_route=\/wp\/v2\/posts"}],"about":[{"href":"https:\/\/zonaroja.com.mx\/index.php?rest_route=\/wp\/v2\/types\/post"}],"author":[{"embeddable":true,"href":"https:\/\/zonaroja.com.mx\/index.php?rest_route=\/wp\/v2\/users\/2"}],"replies":[{"embeddable":true,"href":"https:\/\/zonaroja.com.mx\/index.php?rest_route=%2Fwp%2Fv2%2Fcomments&post=15484"}],"version-history":[{"count":1,"href":"https:\/\/zonaroja.com.mx\/index.php?rest_route=\/wp\/v2\/posts\/15484\/revisions"}],"predecessor-version":[{"id":15485,"href":"https:\/\/zonaroja.com.mx\/index.php?rest_route=\/wp\/v2\/posts\/15484\/revisions\/15485"}],"wp:featuredmedia":[{"embeddable":true,"href":"https:\/\/zonaroja.com.mx\/index.php?rest_route=\/wp\/v2\/media\/13360"}],"wp:attachment":[{"href":"https:\/\/zonaroja.com.mx\/index.php?rest_route=%2Fwp%2Fv2%2Fmedia&parent=15484"}],"wp:term":[{"taxonomy":"category","embeddable":true,"href":"https:\/\/zonaroja.com.mx\/index.php?rest_route=%2Fwp%2Fv2%2Fcategories&post=15484"},{"taxonomy":"post_tag","embeddable":true,"href":"https:\/\/zonaroja.com.mx\/index.php?rest_route=%2Fwp%2Fv2%2Ftags&post=15484"}],"curies":[{"name":"wp","href":"https:\/\/api.w.org\/{rel}","templated":true}]}}