{"id":15486,"date":"2020-07-26T12:52:57","date_gmt":"2020-07-26T17:52:57","guid":{"rendered":"http:\/\/www.zonaroja.com.mx\/?p=15486"},"modified":"2020-07-26T12:53:01","modified_gmt":"2020-07-26T17:53:01","slug":"ademas-de-covid-el-dengue-azota-salud-de-oaxaquenos","status":"publish","type":"post","link":"https:\/\/zonaroja.com.mx\/?p=15486","title":{"rendered":"Adem\u00e1s de Covid, el dengue azota salud de oaxaque\u00f1os"},"content":{"rendered":"\n<p>Redacci\u00f3n\/Estado 20.<\/p>\n\n\n\n<p>Oaxaca de Ju\u00e1rez, Oax., 26 de julio de\n2020.- La regi\u00f3n de los Valles Centrales de Oaxaca, no s\u00f3lo ha sido la zona con\nel m\u00e1s alto n\u00famero de personas contagiadas por Covid, sino adem\u00e1s, ocupa el\nprimer lugar estatal en casos de dengue, con un total de 19 pacientes\nconfirmados por laboratorio, seguida de la Cuenca del Papaloapan, con 14\nciudadanos que han sido v\u00edctimas de esta enfermedad.<\/p>\n\n\n\n<p>Hasta la semana epidemiol\u00f3gica n\u00famero\n28, en la regi\u00f3n central del estado hab\u00edan sido documentados un total de nueve casos\nde dengue grave y dengue con signos de alarma y 10 m\u00e1s de dengue no grave,\ninformaron los Servicios de Salud de Oaxaca (SSO).<\/p>\n\n\n\n<p>A estos casos se suman otros 477\nprobables pacientes de los Valles Centrales, quienes han presentado los\ns\u00edntomas de la enfermedad, pero el diagn\u00f3stico no ha sido confirmado.<\/p>\n\n\n\n<p>La dependencia agreg\u00f3 que en la Cuenca\ndel Papaloapan, en la jurisdicci\u00f3n sanitaria de Tuxtepec, se ten\u00eda el registro\nde nueve pacientes con dengue grave y dengue con signos de alarma y cinco pacientes\nm\u00e1s con dengue no grave, a los cuales deb\u00edan sumarse otros 360 casos probables\nde la enfermedad.<\/p>\n\n\n\n<p>Es de resaltar que las dos regiones\nantes mencionadas, los Valles Centrales y la Costa, lideran tambi\u00e9n la\nincidencia de casos y muertes por Covid 19, con siete mil 143 enfermos y 618\ndecesos entre ambas.<\/p>\n\n\n\n<p>Mientras tanto, en la regi\u00f3n de la\nCosta, las autoridades sanitarias de la entidad contabilizaron ocho casos de\ndengue grave y dengue con signos de alarma y tres m\u00e1s de dengue no grave, para\nun total de 11.<\/p>\n\n\n\n<p>A esta cifra, de 11 casos, deben\nsumarse 169 casos probables que est\u00e1n en v\u00edas de ser confirmados.<\/p>\n\n\n\n<p>En lo que respecta a la regi\u00f3n del\nIstmo, los Servicios de Salud reportaron el registro de cuatro casos\nconfirmados, dos de dengue no grave y dos de dengue grave, adem\u00e1s de 214 casos\nsospechosos.<\/p>\n\n\n\n<p>Finalmente, en la Mixteca han sido\ndocumentados tres casos confirmados y 40 posibles casos m\u00e1s, mientras que en la\nSierra hab\u00edan sido contabilizados un caso confirmado y 14 casos probables de\ndengue. <\/p>\n","protected":false},"excerpt":{"rendered":"<p>Redacci\u00f3n\/Estado 20. Oaxaca de Ju\u00e1rez, Oax., 26 de julio de 2020.- La regi\u00f3n de los&hellip;<\/p>\n","protected":false},"author":2,"featured_media":15487,"comment_status":"closed","ping_status":"open","sticky":false,"template":"","format":"standard","meta":{"_lmt_disableupdate":"","_lmt_disable":"","_jetpack_memberships_contains_paid_content":false,"footnotes":""},"categories":[109,47],"tags":[1005],"class_list":["post-15486","post","type-post","status-publish","format-standard","has-post-thumbnail","hentry","category-minuto-a-minuto","category-zona-gris","tag-servicios-de-salud-de-oaxaca-sso"],"jetpack_featured_media_url":"https:\/\/zonaroja.com.mx\/wp-content\/uploads\/2020\/07\/Dengue-Oaxaca.jpg","jetpack_sharing_enabled":true,"_links":{"self":[{"href":"https:\/\/zonaroja.com.mx\/index.php?rest_route=\/wp\/v2\/posts\/15486","targetHints":{"allow":["GET"]}}],"collection":[{"href":"https:\/\/zonaroja.com.mx\/index.php?rest_route=\/wp\/v2\/posts"}],"about":[{"href":"https:\/\/zonaroja.com.mx\/index.php?rest_route=\/wp\/v2\/types\/post"}],"author":[{"embeddable":true,"href":"https:\/\/zonaroja.com.mx\/index.php?rest_route=\/wp\/v2\/users\/2"}],"replies":[{"embeddable":true,"href":"https:\/\/zonaroja.com.mx\/index.php?rest_route=%2Fwp%2Fv2%2Fcomments&post=15486"}],"version-history":[{"count":1,"href":"https:\/\/zonaroja.com.mx\/index.php?rest_route=\/wp\/v2\/posts\/15486\/revisions"}],"predecessor-version":[{"id":15488,"href":"https:\/\/zonaroja.com.mx\/index.php?rest_route=\/wp\/v2\/posts\/15486\/revisions\/15488"}],"wp:featuredmedia":[{"embeddable":true,"href":"https:\/\/zonaroja.com.mx\/index.php?rest_route=\/wp\/v2\/media\/15487"}],"wp:attachment":[{"href":"https:\/\/zonaroja.com.mx\/index.php?rest_route=%2Fwp%2Fv2%2Fmedia&parent=15486"}],"wp:term":[{"taxonomy":"category","embeddable":true,"href":"https:\/\/zonaroja.com.mx\/index.php?rest_route=%2Fwp%2Fv2%2Fcategories&post=15486"},{"taxonomy":"post_tag","embeddable":true,"href":"https:\/\/zonaroja.com.mx\/index.php?rest_route=%2Fwp%2Fv2%2Ftags&post=15486"}],"curies":[{"name":"wp","href":"https:\/\/api.w.org\/{rel}","templated":true}]}}