{"id":15492,"date":"2020-07-26T15:00:52","date_gmt":"2020-07-26T20:00:52","guid":{"rendered":"http:\/\/www.zonaroja.com.mx\/?p=15492"},"modified":"2020-07-26T15:00:59","modified_gmt":"2020-07-26T20:00:59","slug":"prometen-que-supercarretera-oaxaca-costa-se-concluira-en-el-2022","status":"publish","type":"post","link":"https:\/\/zonaroja.com.mx\/?p=15492","title":{"rendered":"Prometen que supercarretera Oaxaca-Costa se concluir\u00e1 en el 2022"},"content":{"rendered":"\n<p>Redacci\u00f3n\/Zona Roja.<\/p>\n\n\n\n<p>Oaxaca de Ju\u00e1rez, Oax., 26 de julio de\n2020.- Rezagada desde hace m\u00e1s de una d\u00e9cada, la supercarretera Oaxaca-Costa registra\nun avance del 62 por ciento y se prev\u00e9 concluir en marzo del a\u00f1o 2022.<\/p>\n\n\n\n<p>Los trabajos fueron retomados por el\ngobierno de Andr\u00e9s Manuel L\u00f3pez Obrador desde el a\u00f1o pasado y se trabaja\nactualmente en la continuaci\u00f3n del tramo Barranca Larga, Ejutla-Ventanilla,\nSanta Mar\u00eda Colotepec.<\/p>\n\n\n\n<p>En este \u00faltimo municipio, el Ejecutivo\nfederal y el gobernador Alejandro Murat Hinojosa supervisaron los trabajos, con\nla presencia de funcionarios de la Secretar\u00eda de Comunicaciones y Transportes.<\/p>\n\n\n\n<p>Durante la supervisi\u00f3n de la obra, el\ndirector del Banco Nacional de Obras y Servicios P\u00fablicos, Jorge Alberto\nMendoza S\u00e1nchez, se\u00f1al\u00f3 que esta autopista tiene una longitud de 104.2\nkil\u00f3metros y contar\u00e1 con dos carriles, 10 puentes, un viaducto, tres t\u00faneles y\nnueve entronques, el monto estimado de inversi\u00f3n es seis mil 800 millones de\npesos y se espera que una vez concluida transiten en esta autopista m\u00e1s de cuatro\nmil veh\u00edculos diarios.<\/p>\n\n\n\n<p>Con esta obra \u2013dijo- se est\u00e1n generando\nmil 800 empleos directos y tres mil 500 indirectos, que benefician directamente\na la poblaci\u00f3n aleda\u00f1a a la autopista. <\/p>\n\n\n\n<p>Este proyecto traer\u00e1 beneficios a 11 comunidades con m\u00e1s de 100 mil habitantes de siete municipios; adem\u00e1s de que se reducir\u00e1 el recorrido de la capital del estado a la Costa de 6.5 horas a menos de 2.5 horas, lo que tendr\u00e1 un impacto en el turismo y en la inversi\u00f3n del estado<\/p>\n\n\n\n<figure class=\"wp-block-embed-twitter wp-block-embed is-type-rich is-provider-twitter\"><div class=\"wp-block-embed__wrapper\">\n<div class=\"twitter-tweet\"><blockquote class=\"twitter-tweet\" data-lang=\"es\"><p lang=\"es\" dir=\"ltr\"><a href=\"https:\/\/twitter.com\/hashtag\/%C3%9AltimoMinuto?src=hash&amp;ref_src=twsrc%5Etfw\">#\u00daltimoMinuto<\/a> <br>Destaca el Presidente <a href=\"https:\/\/twitter.com\/lopezobrador_?ref_src=twsrc%5Etfw\">@lopezobrador_<\/a> los avances de la obra de la supercarretera Oaxaca-Costa; dice que le gustar\u00eda que se inaugurara el 21 de marzo del 2022. <a href=\"https:\/\/t.co\/cRjHCR1bDL\">pic.twitter.com\/cRjHCR1bDL<\/a><\/p>&mdash; Zona Roja Oaxaca (@MexRoja) <a href=\"https:\/\/twitter.com\/MexRoja\/status\/1287425078121189376?ref_src=twsrc%5Etfw\">26 de julio de 2020<\/a><\/blockquote><\/div>\n<\/div><\/figure>\n\n\n\n<p>En su mensaje, el presidente Andr\u00e9s\nManuel L\u00f3pez Obrador expres\u00f3 que las obras de infraestructura impulsadas por su\ngobierno est\u00e1n encaminadas a detonar el desarrollo del sureste de M\u00e9xico,\nsaldando una deuda hist\u00f3rica que por muchas d\u00e9cadas gener\u00f3 una brecha de\ndesigualdad de oportunidades entre esta regi\u00f3n y el resto del pa\u00eds.<\/p>\n\n\n\n<p>\u201cPor eso ahora tenemos que equilibrar y\ngenerar inversi\u00f3n federal al Sur y al Sureste; un desarrollo m\u00e1s horizontal y\nm\u00e1s equitativo, porque desgraciadamente aqu\u00ed hay m\u00e1s pobreza y m\u00e1s abandono\u201d,\ndijo, de acuerdo con un comunicado del gobierno estatal.<\/p>\n\n\n\n<p>Por su parte, Murat Hinojosa reconoci\u00f3\nel respaldo del Gobierno de M\u00e9xico que encabeza el presidente L\u00f3pez Obrador\npara concluir la v\u00eda r\u00e1pida.<\/p>\n\n\n\n<p>Destac\u00f3 su vocaci\u00f3n federalista\nencaminada a saldar la deuda hist\u00f3rica con Oaxaca y el Sureste de M\u00e9xico,\nmediante el impulso de importantes obras de infraestructura que contribuir\u00e1n a\ndetonar el desarrollo econ\u00f3mico de este polo del pa\u00eds.<\/p>\n\n\n\n<p>L\u00f3pez Obrador arrib\u00f3 el jueves por la\ntarde en Oaxaca y tuvo tres d\u00edas de actividades en las regiones Valles\nCentrales, Istmo y Costa.<\/p>\n\n\n\n<p>En ese marco, conocieron los avances en\nla rehabilitaci\u00f3n de la v\u00eda del ferrocarril del Istmo de Tehuantepec, que forma\nparte del Tren Interoce\u00e1nico y mediante el cual se conectar\u00e1 al Oc\u00e9ano Pac\u00edfico\ncon el Golfo de M\u00e9xico, reduciendo los tiempos de traslado desde Salina Cruz,\nhasta Coatzacoalcos, Veracruz, y mejorando la competitividad y eficiencia de la\nzona.<\/p>\n\n\n\n<p>En el segundo d\u00eda de trabajo,\nsupervisaron la rehabilitaci\u00f3n de la refiner\u00eda Antonio Doval\u00ed Jaime, ubicada en\nel puerto de Salina Cruz, la cual lleva un avance del 86%. En esta obra, en la\nque se emplean dos mil millones de pesos como parte del Sistema Nacional de\nRefinaci\u00f3n que impulsa la Federaci\u00f3n, se busca mejorar la productividad, a fin\nde que el pa\u00eds cuente con los energ\u00e9ticos necesarios para su distribuci\u00f3n y no\ndependa de la importaci\u00f3n de los mismos.<\/p>\n\n\n\n<p>Posteriormente, inauguraron el muelle\nde contenedores y de usos m\u00faltiples del puerto de Salina Cruz, que permitir\u00e1\nmover las mercanc\u00edas de Salina Cruz a Coatzacoalcos, Veracruz, y en el cual se\ninvirtieron 124 millones de pesos.<\/p>\n\n\n\n<p>La modernizaci\u00f3n del Puerto de Salina Cruz, se ver\u00e1 complementada con la rehabilitaci\u00f3n de los cinco tramos de v\u00eda f\u00e9rrea del Tren Interoce\u00e1nico,\u00a0 que conectar\u00e1 v\u00eda terrestre a los oc\u00e9anos Pac\u00edfico y Atl\u00e1ntico, y permitir\u00e1 mover las mercanc\u00edas hasta Coatzacoalcos, Veracruz.<\/p>\n\n\n\n<figure class=\"wp-block-embed-twitter wp-block-embed is-type-rich is-provider-twitter\"><div class=\"wp-block-embed__wrapper\">\n<div class=\"twitter-tweet\"><blockquote class=\"twitter-tweet\" data-lang=\"es\"><p lang=\"es\" dir=\"ltr\"><a href=\"https:\/\/twitter.com\/hashtag\/%C3%9AltimoMinuto?src=hash&amp;ref_src=twsrc%5Etfw\">#\u00daltimoMinuto<\/a> <br>El Presidente <a href=\"https:\/\/twitter.com\/lopezobrador_?ref_src=twsrc%5Etfw\">@lopezobrador_<\/a> cumple cuatro d\u00edas de estancia en <a href=\"https:\/\/twitter.com\/hashtag\/Oaxaca?src=hash&amp;ref_src=twsrc%5Etfw\">#Oaxaca<\/a> y est\u00e1 ma\u00f1ana en Santa Mar\u00eda <a href=\"https:\/\/twitter.com\/hashtag\/Colotepec?src=hash&amp;ref_src=twsrc%5Etfw\">#Colotepec<\/a> supervisa la construcci\u00f3n de la supercarretera que une a la regi\u00f3n de la Costa con la capital; le da la bienvenida el gobernador <a href=\"https:\/\/twitter.com\/alejandromurat?ref_src=twsrc%5Etfw\">@alejandromurat<\/a>. <a href=\"https:\/\/t.co\/AvHzoFqJGD\">pic.twitter.com\/AvHzoFqJGD<\/a><\/p>&mdash; Zona Roja Oaxaca (@MexRoja) <a href=\"https:\/\/twitter.com\/MexRoja\/status\/1287421688079056898?ref_src=twsrc%5Etfw\">26 de julio de 2020<\/a><\/blockquote><\/div>\n<\/div><\/figure>\n","protected":false},"excerpt":{"rendered":"<p>Redacci\u00f3n\/Zona Roja. Oaxaca de Ju\u00e1rez, Oax., 26 de julio de 2020.- Rezagada desde hace m\u00e1s&hellip;<\/p>\n","protected":false},"author":2,"featured_media":15493,"comment_status":"closed","ping_status":"open","sticky":false,"template":"","format":"standard","meta":{"_lmt_disableupdate":"","_lmt_disable":"","_jetpack_memberships_contains_paid_content":false,"footnotes":""},"categories":[109,46],"tags":[1536],"class_list":["post-15492","post","type-post","status-publish","format-standard","has-post-thumbnail","hentry","category-minuto-a-minuto","category-zona-blanca","tag-visita-andres-manuel-lopez-obrador-a-oaxaca"],"jetpack_featured_media_url":"https:\/\/zonaroja.com.mx\/wp-content\/uploads\/2020\/07\/Supercarretera-a-la-Costa-2.jpeg","jetpack_sharing_enabled":true,"_links":{"self":[{"href":"https:\/\/zonaroja.com.mx\/index.php?rest_route=\/wp\/v2\/posts\/15492","targetHints":{"allow":["GET"]}}],"collection":[{"href":"https:\/\/zonaroja.com.mx\/index.php?rest_route=\/wp\/v2\/posts"}],"about":[{"href":"https:\/\/zonaroja.com.mx\/index.php?rest_route=\/wp\/v2\/types\/post"}],"author":[{"embeddable":true,"href":"https:\/\/zonaroja.com.mx\/index.php?rest_route=\/wp\/v2\/users\/2"}],"replies":[{"embeddable":true,"href":"https:\/\/zonaroja.com.mx\/index.php?rest_route=%2Fwp%2Fv2%2Fcomments&post=15492"}],"version-history":[{"count":1,"href":"https:\/\/zonaroja.com.mx\/index.php?rest_route=\/wp\/v2\/posts\/15492\/revisions"}],"predecessor-version":[{"id":15494,"href":"https:\/\/zonaroja.com.mx\/index.php?rest_route=\/wp\/v2\/posts\/15492\/revisions\/15494"}],"wp:featuredmedia":[{"embeddable":true,"href":"https:\/\/zonaroja.com.mx\/index.php?rest_route=\/wp\/v2\/media\/15493"}],"wp:attachment":[{"href":"https:\/\/zonaroja.com.mx\/index.php?rest_route=%2Fwp%2Fv2%2Fmedia&parent=15492"}],"wp:term":[{"taxonomy":"category","embeddable":true,"href":"https:\/\/zonaroja.com.mx\/index.php?rest_route=%2Fwp%2Fv2%2Fcategories&post=15492"},{"taxonomy":"post_tag","embeddable":true,"href":"https:\/\/zonaroja.com.mx\/index.php?rest_route=%2Fwp%2Fv2%2Ftags&post=15492"}],"curies":[{"name":"wp","href":"https:\/\/api.w.org\/{rel}","templated":true}]}}