{"id":15495,"date":"2020-07-26T16:52:48","date_gmt":"2020-07-26T21:52:48","guid":{"rendered":"http:\/\/www.zonaroja.com.mx\/?p=15495"},"modified":"2020-07-26T16:52:52","modified_gmt":"2020-07-26T21:52:52","slug":"empleado-del-imss-probable-agresor-de-dirigente-del-comvive-xochimilco","status":"publish","type":"post","link":"https:\/\/zonaroja.com.mx\/?p=15495","title":{"rendered":"Empleado del IMSS, probable agresor de dirigente del Comvive Xochimilco"},"content":{"rendered":"\n<p>Redacci\u00f3n\/Zona Roja.<\/p>\n\n\n\n<p>Oaxaca de Ju\u00e1rez, Oax., 26 de julio de\n2020.- Un individuo identificado como J. A. M. B., alias \u201cEl Barrita\u201d, podr\u00eda\nser el agresor de la presidenta del Comit\u00e9 de Vida Vecinal (Comvive) del barrio\nde Xochimilco, Elizabeth C. G.<\/p>\n\n\n\n<p>Tras presiones de familiares y vecinos,\nadem\u00e1s de denuncias a medios de comunicaci\u00f3n, la Fiscal\u00eda General del Estado de\nOaxaca actu\u00f3 y detuvo ayer al presunto atacante, identificado tambi\u00e9n como A.\nM. B.<\/p>\n\n\n\n<p>De acuerdo con un comunicado de la\nFiscal\u00eda, el se\u00f1alado fue aprehendido por elementos de la Agencia Estatal de Investigaciones\nayer s\u00e1bado 25 de julio y puesto inmediatamente a disposici\u00f3n de la autoridad\njudicial, en cumplimiento a la orden de aprehensi\u00f3n girada en su contra.<\/p>\n\n\n\n<p>Seg\u00fan la causa penal 566\/2020, el\npasado 21 de julio del presente a\u00f1o, sobre la calle Gilberto Bola\u00f1os Cacho del barrio\nde Xochimilco, la presidenta del Comvive fue agredida por el imputado con un\narma punzo cortante (navaja), cuando \u00e9ste se encontraba ingiriendo bebidas\nalcoh\u00f3licas en la v\u00eda p\u00fablica.<\/p>\n\n\n\n<p>Luego de ser atendida y presentar la\ndenuncia correspondiente, la Fiscal\u00eda General logr\u00f3 identificar y aprehender al\nprobable responsable, quien fue presentado ante el Juzgado de Control. La\nFiscal\u00eda no precis\u00f3 que la detenci\u00f3n se llev\u00f3 a cabo en la comunidad de San\nJuan del Estado, Etla.<\/p>\n\n\n\n<p>En audiencia, el imputado solicit\u00f3\nampliaci\u00f3n del t\u00e9rmino constitucional, misma que fenece el 30 de julio del\n2020, permaneciendo en tanto en prisi\u00f3n preventiva de manera provisional.<\/p>\n","protected":false},"excerpt":{"rendered":"<p>Redacci\u00f3n\/Zona Roja. Oaxaca de Ju\u00e1rez, Oax., 26 de julio de 2020.- Un individuo identificado como&hellip;<\/p>\n","protected":false},"author":2,"featured_media":15496,"comment_status":"closed","ping_status":"open","sticky":false,"template":"","format":"standard","meta":{"_lmt_disableupdate":"","_lmt_disable":"","_jetpack_memberships_contains_paid_content":false,"footnotes":""},"categories":[109,47],"tags":[1849],"class_list":["post-15495","post","type-post","status-publish","format-standard","has-post-thumbnail","hentry","category-minuto-a-minuto","category-zona-gris","tag-barrio-de-xochimilco-oaxaca"],"jetpack_featured_media_url":"https:\/\/zonaroja.com.mx\/wp-content\/uploads\/2020\/07\/Comvive-Xochimilco-1.jpg","jetpack_sharing_enabled":true,"_links":{"self":[{"href":"https:\/\/zonaroja.com.mx\/index.php?rest_route=\/wp\/v2\/posts\/15495","targetHints":{"allow":["GET"]}}],"collection":[{"href":"https:\/\/zonaroja.com.mx\/index.php?rest_route=\/wp\/v2\/posts"}],"about":[{"href":"https:\/\/zonaroja.com.mx\/index.php?rest_route=\/wp\/v2\/types\/post"}],"author":[{"embeddable":true,"href":"https:\/\/zonaroja.com.mx\/index.php?rest_route=\/wp\/v2\/users\/2"}],"replies":[{"embeddable":true,"href":"https:\/\/zonaroja.com.mx\/index.php?rest_route=%2Fwp%2Fv2%2Fcomments&post=15495"}],"version-history":[{"count":1,"href":"https:\/\/zonaroja.com.mx\/index.php?rest_route=\/wp\/v2\/posts\/15495\/revisions"}],"predecessor-version":[{"id":15497,"href":"https:\/\/zonaroja.com.mx\/index.php?rest_route=\/wp\/v2\/posts\/15495\/revisions\/15497"}],"wp:featuredmedia":[{"embeddable":true,"href":"https:\/\/zonaroja.com.mx\/index.php?rest_route=\/wp\/v2\/media\/15496"}],"wp:attachment":[{"href":"https:\/\/zonaroja.com.mx\/index.php?rest_route=%2Fwp%2Fv2%2Fmedia&parent=15495"}],"wp:term":[{"taxonomy":"category","embeddable":true,"href":"https:\/\/zonaroja.com.mx\/index.php?rest_route=%2Fwp%2Fv2%2Fcategories&post=15495"},{"taxonomy":"post_tag","embeddable":true,"href":"https:\/\/zonaroja.com.mx\/index.php?rest_route=%2Fwp%2Fv2%2Ftags&post=15495"}],"curies":[{"name":"wp","href":"https:\/\/api.w.org\/{rel}","templated":true}]}}