{"id":15498,"date":"2020-07-26T16:54:15","date_gmt":"2020-07-26T21:54:15","guid":{"rendered":"http:\/\/www.zonaroja.com.mx\/?p=15498"},"modified":"2020-07-26T16:54:18","modified_gmt":"2020-07-26T21:54:18","slug":"era-de-monterrey-individuo-asesinado-en-oaxaca-apoya-dif-traslado","status":"publish","type":"post","link":"https:\/\/zonaroja.com.mx\/?p=15498","title":{"rendered":"Era de Monterrey individuo asesinado en Oaxaca; apoya DIF traslado"},"content":{"rendered":"\n<p>Redacci\u00f3n\/Zona Roja.<\/p>\n\n\n\n<p>Oaxaca de Ju\u00e1rez, Oax., 26 de julio de\n2020.- Como Jos\u00e9 Alejandro Moreno Hern\u00e1ndez, originario de Monterrey, Nuevo\nLe\u00f3n, fue identificada la persona asesinada hace ocho d\u00edas en el Perif\u00e9rico de la\nciudad de Oaxaca, inmediaciones del Mercado de Abasto de la capital.<\/p>\n\n\n\n<p>A trav\u00e9s del portal informativo \u201cHey\nOaxaca\u201d, la familia del occiso se enter\u00f3 el traslado tras lo cual v\u00eda redes\nsociales pidi\u00f3 apoyo para el traslado de los restos de quien era apodado \u201cEl\nPicus\u201d.<\/p>\n\n\n\n<p>No obstante, tras el apoyo que le\nbrind\u00f3 un particular, la Fiscal\u00eda General del Estado de Oaxaca se neg\u00f3 a\nautorizar la cremaci\u00f3n del cuerpo y para enviarlo a Monterrey.<\/p>\n\n\n\n<p>Elma Hern\u00e1ndez, la madre de Jos\u00e9\nAlejandro, cotiz\u00f3 el pago del traslado, que ser\u00eda de 25 mil a 35 mil pesos,\ndinero con el que no contaban, por lo cual requiri\u00f3 apoyos.<\/p>\n\n\n\n<p>Fue a trav\u00e9s del DIF Oaxaca, que\npreside la se\u00f1ora Ivette Mor\u00e1n de Murat, que finalmente se cubri\u00f3 el costo,\npara enviar los restos del joven a su tierra natal.<\/p>\n\n\n\n<p>Elementos polic\u00edacos buscan a un\ntaxista que podr\u00eda ser el presunto responsable del asesinato del vendedor de\ndulces en la zona del Mercado de Abasto, de 28 a\u00f1os de edad, quien fue ultimado\nel pasado domingo 19 de julio por la ma\u00f1ana.<\/p>\n\n\n\n<p>El regiomontano se sali\u00f3 de su casa\ndesde hace dos a\u00f1os y lleg\u00f3 a Oaxaca, donde empez\u00f3 a vender dulces, pero fue\nasesinado a pu\u00f1aladas. <\/p>\n","protected":false},"excerpt":{"rendered":"<p>Redacci\u00f3n\/Zona Roja. Oaxaca de Ju\u00e1rez, Oax., 26 de julio de 2020.- Como Jos\u00e9 Alejandro Moreno&hellip;<\/p>\n","protected":false},"author":2,"featured_media":15499,"comment_status":"closed","ping_status":"open","sticky":false,"template":"","format":"standard","meta":{"_lmt_disableupdate":"","_lmt_disable":"","_jetpack_memberships_contains_paid_content":false,"footnotes":""},"categories":[109,51],"tags":[148],"class_list":["post-15498","post","type-post","status-publish","format-standard","has-post-thumbnail","hentry","category-minuto-a-minuto","category-zona-roja","tag-oaxaca-de-juarez"],"jetpack_featured_media_url":"https:\/\/zonaroja.com.mx\/wp-content\/uploads\/2020\/07\/Asesinado-Central-de-Abasto.jpg","jetpack_sharing_enabled":true,"_links":{"self":[{"href":"https:\/\/zonaroja.com.mx\/index.php?rest_route=\/wp\/v2\/posts\/15498","targetHints":{"allow":["GET"]}}],"collection":[{"href":"https:\/\/zonaroja.com.mx\/index.php?rest_route=\/wp\/v2\/posts"}],"about":[{"href":"https:\/\/zonaroja.com.mx\/index.php?rest_route=\/wp\/v2\/types\/post"}],"author":[{"embeddable":true,"href":"https:\/\/zonaroja.com.mx\/index.php?rest_route=\/wp\/v2\/users\/2"}],"replies":[{"embeddable":true,"href":"https:\/\/zonaroja.com.mx\/index.php?rest_route=%2Fwp%2Fv2%2Fcomments&post=15498"}],"version-history":[{"count":1,"href":"https:\/\/zonaroja.com.mx\/index.php?rest_route=\/wp\/v2\/posts\/15498\/revisions"}],"predecessor-version":[{"id":15500,"href":"https:\/\/zonaroja.com.mx\/index.php?rest_route=\/wp\/v2\/posts\/15498\/revisions\/15500"}],"wp:featuredmedia":[{"embeddable":true,"href":"https:\/\/zonaroja.com.mx\/index.php?rest_route=\/wp\/v2\/media\/15499"}],"wp:attachment":[{"href":"https:\/\/zonaroja.com.mx\/index.php?rest_route=%2Fwp%2Fv2%2Fmedia&parent=15498"}],"wp:term":[{"taxonomy":"category","embeddable":true,"href":"https:\/\/zonaroja.com.mx\/index.php?rest_route=%2Fwp%2Fv2%2Fcategories&post=15498"},{"taxonomy":"post_tag","embeddable":true,"href":"https:\/\/zonaroja.com.mx\/index.php?rest_route=%2Fwp%2Fv2%2Ftags&post=15498"}],"curies":[{"name":"wp","href":"https:\/\/api.w.org\/{rel}","templated":true}]}}