{"id":15501,"date":"2020-07-26T17:06:46","date_gmt":"2020-07-26T22:06:46","guid":{"rendered":"http:\/\/www.zonaroja.com.mx\/?p=15501"},"modified":"2020-07-26T17:06:50","modified_gmt":"2020-07-26T22:06:50","slug":"impediran-pueblos-istmenos-operacion-del-tren-transistimico","status":"publish","type":"post","link":"https:\/\/zonaroja.com.mx\/?p=15501","title":{"rendered":"Impedir\u00e1n pueblos istme\u00f1os operaci\u00f3n del Tren Trans\u00edstimico"},"content":{"rendered":"\n<p>Redacci\u00f3n\/Zona Roja.<\/p>\n\n\n\n<p>Tras la visita del Presidente Andr\u00e9s\nManuel L\u00f3pez Obrador y el gobernador Alejandro Murat a la zona para supervisar\nla obra, la Asamblea Oaxaque\u00f1a en Defensa de la Tierra y el Territorio asegur\u00f3\nque impedir\u00e1 trabajos y operaci\u00f3n del Tren Trans\u00edstimico.<\/p>\n\n\n\n<p>\u201cNo permitiremos que se abran las\npuertas del Istmo de Tehuantepec a los poderosos, no habr\u00eda poder humano que\nlos hiciera retroceder en sus intenciones de dominio si se imponen\u201d,\ndifundieron este s\u00e1bado en un comunicado.<\/p>\n\n\n\n<p>\u201cEl representante de la Cuarta\nTransformaci\u00f3n (L\u00f3pez Obrador) viene a tierras ind\u00edgenas con intenci\u00f3n de\nfavorecer los intereses de las empresas transnacionales, aliadas con el crimen\norganizado y un mont\u00f3n de pol\u00edticos corruptos y vendepatrias. <\/p>\n\n\n\n<p>\u201cSon los continuadores del despojo y\ndel saqueo. Son los mismos mafiosos de ayer quienes hoy se frotan las manos con\nlos jugosos contratos que la 4T les est\u00e1 dando\u201d, se\u00f1alaron.<\/p>\n\n\n\n<p>Expusieron que hoy la gente en Oaxaca\nest\u00e1 muriendo en sus casas pues no hay ni hospitales ni medicinas. <\/p>\n\n\n\n<p>\u201cViene usted se\u00f1or Presidente a nuestra\ncasa, justo cuando m\u00e1s mujeres son asesinadas por el hecho de ser mujeres en el\nestado y en el pa\u00eds, justo cuando la violencia criminal se ensa\u00f1a con los\noaxaque\u00f1os; violencia criminal organizada al amparo del Estado mexicano en\ncomplicidad con las empresas transnacionales.<\/p>\n\n\n\n<p>\u201cVemos que el mal gobierno se apresta\npor en\u00e9sima vez a promocionar sus megaproyectos, a inaugurar su otro tren, a\nvendernos su cuarta transformaci\u00f3n. Recordamos que somos los pueblos ind\u00edgenas\nquienes hist\u00f3ricamente desde hace m\u00e1s de 500 a\u00f1os hemos puesto los muertos,\nsomos quienes hemos sufrido y padecido las transformaciones que el Estado impone\u201d,\nexpusieron.<\/p>\n\n\n\n<p>\u201cCon bombo y platillo pretenden en el\nIstmo de M\u00e9xico, construir una barrera de contenci\u00f3n de la migraci\u00f3n a Estados\nUnidos, pretenden construir trenes, crear minas y establecer parques\nindustriales y maquiladoras contaminantes que solo generan trabajo esclavo. <\/p>\n\n\n\n<p>\u201cLas obras del tren est\u00e1n arrancando\nviolando los derechos de los pueblos ind\u00edgenas, de la tierra y la naturaleza\ncon consultas simuladas y ama\u00f1adas\u201d, acusaron. <\/p>\n\n\n\n<p>\u201cEl desarrollo que anuncia el gobierno\nno es el hoy ni el ma\u00f1ana que queremos; entendemos que uno de los efectos\ncolaterales que est\u00e1n en sus planes es la destrucci\u00f3n de nuestras culturas\nancestrales, el etnocidio nuestro, y la destrucci\u00f3n de los ecosistemas en\nnuestros territorios; lo \u00fanico que le importa a este sistema voraz es la\nganancia\u201d, remarcaron. <\/p>\n","protected":false},"excerpt":{"rendered":"<p>Redacci\u00f3n\/Zona Roja. Tras la visita del Presidente Andr\u00e9s Manuel L\u00f3pez Obrador y el gobernador Alejandro&hellip;<\/p>\n","protected":false},"author":2,"featured_media":15502,"comment_status":"closed","ping_status":"open","sticky":false,"template":"","format":"standard","meta":{"_lmt_disableupdate":"","_lmt_disable":"","_jetpack_memberships_contains_paid_content":false,"footnotes":""},"categories":[109,47],"tags":[1068],"class_list":["post-15501","post","type-post","status-publish","format-standard","has-post-thumbnail","hentry","category-minuto-a-minuto","category-zona-gris","tag-corredor-transistmico"],"jetpack_featured_media_url":"https:\/\/zonaroja.com.mx\/wp-content\/uploads\/2020\/07\/Ferrocarril-del-Istmo-2.jpg","jetpack_sharing_enabled":true,"_links":{"self":[{"href":"https:\/\/zonaroja.com.mx\/index.php?rest_route=\/wp\/v2\/posts\/15501","targetHints":{"allow":["GET"]}}],"collection":[{"href":"https:\/\/zonaroja.com.mx\/index.php?rest_route=\/wp\/v2\/posts"}],"about":[{"href":"https:\/\/zonaroja.com.mx\/index.php?rest_route=\/wp\/v2\/types\/post"}],"author":[{"embeddable":true,"href":"https:\/\/zonaroja.com.mx\/index.php?rest_route=\/wp\/v2\/users\/2"}],"replies":[{"embeddable":true,"href":"https:\/\/zonaroja.com.mx\/index.php?rest_route=%2Fwp%2Fv2%2Fcomments&post=15501"}],"version-history":[{"count":1,"href":"https:\/\/zonaroja.com.mx\/index.php?rest_route=\/wp\/v2\/posts\/15501\/revisions"}],"predecessor-version":[{"id":15503,"href":"https:\/\/zonaroja.com.mx\/index.php?rest_route=\/wp\/v2\/posts\/15501\/revisions\/15503"}],"wp:featuredmedia":[{"embeddable":true,"href":"https:\/\/zonaroja.com.mx\/index.php?rest_route=\/wp\/v2\/media\/15502"}],"wp:attachment":[{"href":"https:\/\/zonaroja.com.mx\/index.php?rest_route=%2Fwp%2Fv2%2Fmedia&parent=15501"}],"wp:term":[{"taxonomy":"category","embeddable":true,"href":"https:\/\/zonaroja.com.mx\/index.php?rest_route=%2Fwp%2Fv2%2Fcategories&post=15501"},{"taxonomy":"post_tag","embeddable":true,"href":"https:\/\/zonaroja.com.mx\/index.php?rest_route=%2Fwp%2Fv2%2Ftags&post=15501"}],"curies":[{"name":"wp","href":"https:\/\/api.w.org\/{rel}","templated":true}]}}