{"id":15509,"date":"2020-07-26T21:49:11","date_gmt":"2020-07-27T02:49:11","guid":{"rendered":"http:\/\/www.zonaroja.com.mx\/?p=15509"},"modified":"2020-07-26T21:49:14","modified_gmt":"2020-07-27T02:49:14","slug":"cierra-primera-semana-en-semaforo-rojo-con-seis-decesos-y-109-positivos","status":"publish","type":"post","link":"https:\/\/zonaroja.com.mx\/?p=15509","title":{"rendered":"Cierra primera semana en sem\u00e1foro rojo con seis decesos y 109 positivos"},"content":{"rendered":"\n<p>Redacci\u00f3n\/Zona Roja.<\/p>\n\n\n\n<p>Oaxaca de Ju\u00e1rez, Oax. 26 de julio de\n2020.- Los casos confirmados de Covid-19 en Oaxaca alcanzaron los nueve mil 764\npacientes, 109 m\u00e1s que d\u00eda de ayer; hasta el momento 589 se mantienen activos,\ninform\u00f3 el secretario de Salud en la entidad, Donato Casas Escamilla.<\/p>\n\n\n\n<p>En un comunicado de prensa, asever\u00f3 que\nal corte de este 26 de julio se agregaron seis defunciones asociadas al virus,\nlo que suman un global de 884 personas que han perdido la vida a causa del\npadecimiento respiratorio.<\/p>\n\n\n\n<p>El titular de los Servicios de Salud de\nOaxaca (SSO), indic\u00f3 que la red hospitalaria este domingo cerr\u00f3 con el 48.5% de\nocupaci\u00f3n de camas. <\/p>\n\n\n\n<p>A la fecha se tiene un total de 15 mil 038 notificaciones, de esta cifra cuatro mil 268 han sido negativos, mil 006 est\u00e1n como sospechosos y ocho mil 291 pacientes se han recuperado.<\/p>\n\n\n\n<figure class=\"wp-block-embed-twitter wp-block-embed is-type-rich is-provider-twitter\"><div class=\"wp-block-embed__wrapper\">\n<div class=\"twitter-tweet\"><blockquote class=\"twitter-tweet\" data-lang=\"es\"><p lang=\"es\" dir=\"ltr\">Hoy <a href=\"https:\/\/twitter.com\/hashtag\/Oaxaca?src=hash&amp;ref_src=twsrc%5Etfw\">#Oaxaca<\/a> registr\u00f3 109 casos positivos nuevos de <a href=\"https:\/\/twitter.com\/hashtag\/COVID19?src=hash&amp;ref_src=twsrc%5Etfw\">#COVID19<\/a>, distribuidos en 44 municipios. <a href=\"https:\/\/t.co\/FeV1JOT84K\">pic.twitter.com\/FeV1JOT84K<\/a><\/p>&mdash; Servicios de Salud (@SSO_GobOax) <a href=\"https:\/\/twitter.com\/SSO_GobOax\/status\/1287561348633841664?ref_src=twsrc%5Etfw\">27 de julio de 2020<\/a><\/blockquote><\/div>\n<\/div><\/figure>\n\n\n\n<p>Subray\u00f3 que las localidades con m\u00e1s\nincidencia de pacientes que cursan actualmente con la enfermedad, contin\u00faan\nsiendo las zonas urbanas, Valles Centrales registra 393 casos activos, Tuxtepec\n63, el Istmo 35, la Mixteca 67, la Costa 23 y la Sierra (Norte) con ocho\npersonas que presentaron s\u00edntomas en los \u00faltimos 14 d\u00edas.<\/p>\n\n\n\n<p>Se\u00f1al\u00f3 que al corte de este informe se\nsuman a la lista de municipios con la presencia del nuevo coronavirus, las\nlocalidades de San Juan Lajarcia, San Miguel Panixtlahuaca y San Pedro\nSochi\u00e1pam, con un caso cada zona.<\/p>\n\n\n\n<p>Mencion\u00f3 que de los positivos\nacumulados desde el inicio de la emergencia sanitaria en la entidad, cuatro mil\n399 son mujeres y cinco mil 365 hombres. Por tipo de atenci\u00f3n, el 23% fueron\nhospitalizados y el 77% han sido ambulatorios.<\/p>\n\n\n\n<p>En este sentido, Casas Escamilla volvi\u00f3\na hacer un llamado en\u00e9rgico a la ciudadan\u00eda, principalmente a quienes radican\nen las zonas de mayor incidencia de contagios, para que se queden en casa y\nsalir solo de ser necesario, llevando a cabo los protocolos de sana distancia,\nel uso de cubrebocas de manera correcta y constante, aunado al lavado de manos\ncon agua y jab\u00f3n.<\/p>\n","protected":false},"excerpt":{"rendered":"<p>Redacci\u00f3n\/Zona Roja. Oaxaca de Ju\u00e1rez, Oax. 26 de julio de 2020.- Los casos confirmados de&hellip;<\/p>\n","protected":false},"author":2,"featured_media":15510,"comment_status":"closed","ping_status":"open","sticky":false,"template":"","format":"standard","meta":{"_lmt_disableupdate":"","_lmt_disable":"","_jetpack_memberships_contains_paid_content":false,"footnotes":""},"categories":[109,47],"tags":[1512],"class_list":["post-15509","post","type-post","status-publish","format-standard","has-post-thumbnail","hentry","category-minuto-a-minuto","category-zona-gris","tag-coronavirus-oaxaca"],"jetpack_featured_media_url":"https:\/\/zonaroja.com.mx\/wp-content\/uploads\/2020\/07\/Covid-26jul.jpg","jetpack_sharing_enabled":true,"_links":{"self":[{"href":"https:\/\/zonaroja.com.mx\/index.php?rest_route=\/wp\/v2\/posts\/15509","targetHints":{"allow":["GET"]}}],"collection":[{"href":"https:\/\/zonaroja.com.mx\/index.php?rest_route=\/wp\/v2\/posts"}],"about":[{"href":"https:\/\/zonaroja.com.mx\/index.php?rest_route=\/wp\/v2\/types\/post"}],"author":[{"embeddable":true,"href":"https:\/\/zonaroja.com.mx\/index.php?rest_route=\/wp\/v2\/users\/2"}],"replies":[{"embeddable":true,"href":"https:\/\/zonaroja.com.mx\/index.php?rest_route=%2Fwp%2Fv2%2Fcomments&post=15509"}],"version-history":[{"count":1,"href":"https:\/\/zonaroja.com.mx\/index.php?rest_route=\/wp\/v2\/posts\/15509\/revisions"}],"predecessor-version":[{"id":15511,"href":"https:\/\/zonaroja.com.mx\/index.php?rest_route=\/wp\/v2\/posts\/15509\/revisions\/15511"}],"wp:featuredmedia":[{"embeddable":true,"href":"https:\/\/zonaroja.com.mx\/index.php?rest_route=\/wp\/v2\/media\/15510"}],"wp:attachment":[{"href":"https:\/\/zonaroja.com.mx\/index.php?rest_route=%2Fwp%2Fv2%2Fmedia&parent=15509"}],"wp:term":[{"taxonomy":"category","embeddable":true,"href":"https:\/\/zonaroja.com.mx\/index.php?rest_route=%2Fwp%2Fv2%2Fcategories&post=15509"},{"taxonomy":"post_tag","embeddable":true,"href":"https:\/\/zonaroja.com.mx\/index.php?rest_route=%2Fwp%2Fv2%2Ftags&post=15509"}],"curies":[{"name":"wp","href":"https:\/\/api.w.org\/{rel}","templated":true}]}}