{"id":1551,"date":"2019-06-07T15:58:29","date_gmt":"2019-06-07T20:58:29","guid":{"rendered":"http:\/\/www.zonaroja.com.mx\/?p=1551"},"modified":"2019-06-07T15:58:31","modified_gmt":"2019-06-07T20:58:31","slug":"ordena-tribunal-a-fiscalia-indagar-casos-sol-y-pamela-teran-como-feminicidios","status":"publish","type":"post","link":"https:\/\/zonaroja.com.mx\/?p=1551","title":{"rendered":"Ordena Tribunal a Fiscal\u00eda indagar casos Sol y Pamela Ter\u00e1n como feminicidios"},"content":{"rendered":"\n<figure class=\"wp-block-image\"><img decoding=\"async\" width=\"1024\" height=\"730\" src=\"http:\/\/www.zonaroja.com.mx\/wp-content\/uploads\/2019\/06\/Fiscal-Rub\u00e9n-Vasconcelos-1024x730.jpg\" alt=\"\" class=\"wp-image-1552\" srcset=\"https:\/\/zonaroja.com.mx\/wp-content\/uploads\/2019\/06\/Fiscal-Rub\u00e9n-Vasconcelos-1024x730.jpg 1024w, https:\/\/zonaroja.com.mx\/wp-content\/uploads\/2019\/06\/Fiscal-Rub\u00e9n-Vasconcelos-300x214.jpg 300w, https:\/\/zonaroja.com.mx\/wp-content\/uploads\/2019\/06\/Fiscal-Rub\u00e9n-Vasconcelos-768x547.jpg 768w, https:\/\/zonaroja.com.mx\/wp-content\/uploads\/2019\/06\/Fiscal-Rub\u00e9n-Vasconcelos-1170x834.jpg 1170w, https:\/\/zonaroja.com.mx\/wp-content\/uploads\/2019\/06\/Fiscal-Rub\u00e9n-Vasconcelos-1920x1368.jpg 1920w, https:\/\/zonaroja.com.mx\/wp-content\/uploads\/2019\/06\/Fiscal-Rub\u00e9n-Vasconcelos-585x417.jpg 585w, https:\/\/zonaroja.com.mx\/wp-content\/uploads\/2019\/06\/Fiscal-Rub\u00e9n-Vasconcelos.jpg 2000w\" sizes=\"(max-width: 1024px) 100vw, 1024px\" \/><figcaption>Foto: Agencia Zona Roja<\/figcaption><\/figure>\n\n\n\n<p>Redacci\u00f3n<\/p>\n\n\n\n<p>Oaxaca de\nJu\u00e1rez, Oax., a 7 de junio de 2019.- El Tribunal Superior de Justicia de Oaxaca\nconsider\u00f3 como deficiente la investigaci\u00f3n realizada por la Fiscal\u00eda General\ndel Estado, por lo que le orden\u00f3 reiniciar la indagatoria bajo el tipo de\nfeminicidio, en los casos de Mar\u00eda del Sol Cruz Jarqu\u00edn y Pamela Ter\u00e1n,\nasesinadas el 2 de junio de 2018, junto con Adelfo Guerra.<\/p>\n\n\n\n<p>Tras\nreprochar que del fiscal Rub\u00e9n Vasconcelos M\u00e9ndez s\u00f3lo ha recibido de manera\nreiterada descalificaciones, la periodista Soledad Jarqu\u00edn Edgar dijo que desde\nun principio solicit\u00f3 que la Fiscal\u00eda investigara ambos cr\u00edmenes como\nfeminicidio.<\/p>\n\n\n\n<p>Pero \u201cse\nobserva que \u00e9sta se efectu\u00f3 sin perspectiva de g\u00e9nero y, por tanto, no fueron\nconsiderados los asesinatos de Pamela Itzamaray Ter\u00e1n Pineda y Mar\u00eda del Sol\nCruz Jarqu\u00edn como feminicidios y tampoco dentro de un contexto de violencia\npol\u00edtica\u201d, dijo en un comunicado.<\/p>\n\n\n\n<p>Acus\u00f3 que el\nfiscal Vasconcelos M\u00e9ndez \u201chizo durante el \u00faltimo a\u00f1o caso omiso a los se\u00f1alamientos\nque en ese sentido hizo junto con organizaciones feministas y de periodistas\u201d. <\/p>\n\n\n\n<p>\u201cEstamos\nfrente a hechos de dilaci\u00f3n de la impartici\u00f3n de justicia, porque a un a\u00f1o del\ntriple asesinato s\u00f3lo una persona se encuentra vinculada a proceso, lo que\nocurri\u00f3 el pasado 2 de junio, en tanto que una persona m\u00e1s no fue vinculada\u201d.<\/p>\n\n\n\n<p>Expuso que el\nTribunal Superior de Justicia del Estado de Oaxaca revel\u00f3 una \u201cdeficiente y\nnegligente investigaci\u00f3n\u201d sobre lo ocurrido la madrugada del 2 de junio de 2018\nen la localidad de Juchit\u00e1n de Zaragoza, Oaxaca, en la regi\u00f3n del Istmo de\nTehuantepec.<\/p>\n\n\n\n<p>\u201cTodas estas\nomisiones, sin duda perversas, dan como resultado la violaci\u00f3n a los derechos\nfundamentales de las v\u00edctimas por parte de la Fiscal\u00eda, como ya hemos dicho\u201d,\nreiter\u00f3 Jarqu\u00edn Edgar.<\/p>\n\n\n\n<p>A\u00f1adi\u00f3 que la\nFiscal\u00eda General, a trav\u00e9s de la Fiscal\u00eda Especializada en Delitos Electorales\nno ha vinculado la carpeta de investigaci\u00f3n por probable delito electoral de\nlos hermanos Montero L\u00f3pez, misma que est\u00e1 concluida de acuerdo con la fiscal\nespecializada en Delitos Electorales, Araceli Pinelo L\u00f3pez desde agosto pasado.<\/p>\n\n\n\n<p>\u201cEl Tribunal\nexplica con argumentos claros y en base a la normatividad nacional e\ninternacional que la Fiscal\u00eda de Oaxaca no realiz\u00f3 como correspond\u00eda su\ntrabajo, el mismo que deja hasta hoy en la impunidad el feminicidio de Mar\u00eda\ndel Sol\u201d, explic\u00f3.<\/p>\n\n\n\n<p>Lament\u00f3 tambi\u00e9n\nque la Fiscal\u00eda utilice cuentas falsas en redes sociales para atacar a quienes\ncritican su labor.<\/p>\n\n\n\n<p>\u201cEs\nampliamente conocido que desde la Fiscal\u00eda se utilizan boots para desacreditar\ntoda acci\u00f3n de protesta, exigencia o demanda de justicia por parte de las\nfamilias o de organizaciones no gubernamentales frente a los nulos resultados,\nlo que ha hecho tal instancia gubernamental poni\u00e9ndola en riesgo\u201d, por lo que\nresponsabiliz\u00f3 al gobierno de Oaxaca en caso de que algo le ocurra a ella, a su\nfamilia y a las personas cercanas.<\/p>\n","protected":false},"excerpt":{"rendered":"<p>Redacci\u00f3n Oaxaca de Ju\u00e1rez, Oax., a 7 de junio de 2019.- El Tribunal Superior de&hellip;<\/p>\n","protected":false},"author":2,"featured_media":0,"comment_status":"closed","ping_status":"open","sticky":false,"template":"","format":"standard","meta":{"_lmt_disableupdate":"","_lmt_disable":"","_jetpack_memberships_contains_paid_content":false,"footnotes":""},"categories":[51],"tags":[60,59,61,57,58,62],"class_list":["post-1551","post","type-post","status-publish","format-standard","hentry","category-zona-roja","tag-feminicidio","tag-fiscalia-general-del-estado","tag-juchitan","tag-maria-del-sol-cruz","tag-oaxaca","tag-ruben-vasconcelos"],"jetpack_featured_media_url":"","jetpack_sharing_enabled":true,"_links":{"self":[{"href":"https:\/\/zonaroja.com.mx\/index.php?rest_route=\/wp\/v2\/posts\/1551","targetHints":{"allow":["GET"]}}],"collection":[{"href":"https:\/\/zonaroja.com.mx\/index.php?rest_route=\/wp\/v2\/posts"}],"about":[{"href":"https:\/\/zonaroja.com.mx\/index.php?rest_route=\/wp\/v2\/types\/post"}],"author":[{"embeddable":true,"href":"https:\/\/zonaroja.com.mx\/index.php?rest_route=\/wp\/v2\/users\/2"}],"replies":[{"embeddable":true,"href":"https:\/\/zonaroja.com.mx\/index.php?rest_route=%2Fwp%2Fv2%2Fcomments&post=1551"}],"version-history":[{"count":1,"href":"https:\/\/zonaroja.com.mx\/index.php?rest_route=\/wp\/v2\/posts\/1551\/revisions"}],"predecessor-version":[{"id":1553,"href":"https:\/\/zonaroja.com.mx\/index.php?rest_route=\/wp\/v2\/posts\/1551\/revisions\/1553"}],"wp:attachment":[{"href":"https:\/\/zonaroja.com.mx\/index.php?rest_route=%2Fwp%2Fv2%2Fmedia&parent=1551"}],"wp:term":[{"taxonomy":"category","embeddable":true,"href":"https:\/\/zonaroja.com.mx\/index.php?rest_route=%2Fwp%2Fv2%2Fcategories&post=1551"},{"taxonomy":"post_tag","embeddable":true,"href":"https:\/\/zonaroja.com.mx\/index.php?rest_route=%2Fwp%2Fv2%2Ftags&post=1551"}],"curies":[{"name":"wp","href":"https:\/\/api.w.org\/{rel}","templated":true}]}}