{"id":15512,"date":"2020-07-27T08:00:56","date_gmt":"2020-07-27T13:00:56","guid":{"rendered":"http:\/\/www.zonaroja.com.mx\/?p=15512"},"modified":"2020-07-26T21:51:31","modified_gmt":"2020-07-27T02:51:31","slug":"empanan-ataques-armados-y-6-ejecuciones-gira-de-lopez-obrador-por-oaxaca","status":"publish","type":"post","link":"https:\/\/zonaroja.com.mx\/?p=15512","title":{"rendered":"Empa\u00f1an ataques armados y 6 ejecuciones gira de L\u00f3pez Obrador por Oaxaca"},"content":{"rendered":"\n<p>Redacci\u00f3n\/ Zona Roja <\/p>\n\n\n\n<p>Oaxaca de Ju\u00e1rez, Oax.- 27 de julio de 2020.- Durante la gira del presidente Andr\u00e9s Manuel L\u00f3pez Obrador a Oaxaca los hechos delictivos no pararon, de los que al menos seis personas han perdido la vida en ataques armados en distintos puntos de la entidad.<\/p>\n\n\n\n<p>Mientras el gobierno federal como el\nestatal presum\u00edan este viernes la disminuci\u00f3n de la incidencia delictiva en\nOaxaca, la cifra de eventos aumentaba con la comisi\u00f3n de asesinatos en las\nregiones de Valles Centrales, Costa, Cuenca e Istmo.<\/p>\n\n\n\n<p>L\u00f3pez Obrador arrib\u00f3 el jueves por la\ntarde en la entidad y pernoct\u00f3 en un hotel al sur de la capital.<\/p>\n\n\n\n<p>Esa misma noche se report\u00f3 la ejecuci\u00f3n\nde un individuo en Santa Mar\u00eda Colotepec y otro m\u00e1s en Santo Domingo\nTehuantepec; adem\u00e1s, hubo al menos un intento de asalto con lesionada y un\nasalto en la capital.<\/p>\n\n\n\n<p>La tarde del viernes, en el municipio\nde Salina Cruz se registr\u00f3 un ataque armado con el saldo de una persona fue\nejecutada y una herida, quienes fueron identificados como Isa\u00fa Gonz\u00e1lez, de 40\na\u00f1os \u2013v\u00edctima mortal- y su hermano Abraham Gonz\u00e1lez, de 38 a\u00f1os de edad,\nherido.<\/p>\n\n\n\n<p>Por la ma\u00f1ana, en San Pablo Villa de\nHuitzo, rumbo a Jayacatl\u00e1n, fue hallado el cuerpo de un taxista, desaparecido\nel d\u00eda 21 de julio en San Baltazar Guelavila; el cuerpo presentaba disparos de\narma de fuego.<\/p>\n\n\n\n<p>En la regi\u00f3n Cuenca, en San Juan Bautista\nTuxtepec, continuaron los hechos violentos con el ataque armado contra un var\u00f3n\nidentificado como Claudio Lara Juan, dirigente ca\u00f1ero de la Confederaci\u00f3n\nNacional de Propietarios Rurales (CNPR), quien \u00fanicamente result\u00f3 lesionado.<\/p>\n\n\n\n<p>El s\u00e1bado no se registr\u00f3 ning\u00fan hecho\ndelictivo pero el domingo, \u00faltimo d\u00eda de la visita de L\u00f3pez Obrador a Oaxaca,\nse perpetr\u00f3 al mediod\u00eda el asesinato de una persona en Putla Villa de Guerrero\ny otra en Juchit\u00e1n de Zaragoza, este \u00faltimo ex polic\u00eda municipal.<\/p>\n","protected":false},"excerpt":{"rendered":"<p>Redacci\u00f3n\/ Zona Roja Oaxaca de Ju\u00e1rez, Oax.- 27 de julio de 2020.- Durante la gira&hellip;<\/p>\n","protected":false},"author":2,"featured_media":15403,"comment_status":"closed","ping_status":"open","sticky":false,"template":"","format":"standard","meta":{"_lmt_disableupdate":"","_lmt_disable":"","_jetpack_memberships_contains_paid_content":false,"footnotes":""},"categories":[109,51],"tags":[1536],"class_list":["post-15512","post","type-post","status-publish","format-standard","has-post-thumbnail","hentry","category-minuto-a-minuto","category-zona-roja","tag-visita-andres-manuel-lopez-obrador-a-oaxaca"],"jetpack_featured_media_url":"https:\/\/zonaroja.com.mx\/wp-content\/uploads\/2020\/07\/Ejecutado-Colotepec.jpg","jetpack_sharing_enabled":true,"_links":{"self":[{"href":"https:\/\/zonaroja.com.mx\/index.php?rest_route=\/wp\/v2\/posts\/15512","targetHints":{"allow":["GET"]}}],"collection":[{"href":"https:\/\/zonaroja.com.mx\/index.php?rest_route=\/wp\/v2\/posts"}],"about":[{"href":"https:\/\/zonaroja.com.mx\/index.php?rest_route=\/wp\/v2\/types\/post"}],"author":[{"embeddable":true,"href":"https:\/\/zonaroja.com.mx\/index.php?rest_route=\/wp\/v2\/users\/2"}],"replies":[{"embeddable":true,"href":"https:\/\/zonaroja.com.mx\/index.php?rest_route=%2Fwp%2Fv2%2Fcomments&post=15512"}],"version-history":[{"count":2,"href":"https:\/\/zonaroja.com.mx\/index.php?rest_route=\/wp\/v2\/posts\/15512\/revisions"}],"predecessor-version":[{"id":15514,"href":"https:\/\/zonaroja.com.mx\/index.php?rest_route=\/wp\/v2\/posts\/15512\/revisions\/15514"}],"wp:featuredmedia":[{"embeddable":true,"href":"https:\/\/zonaroja.com.mx\/index.php?rest_route=\/wp\/v2\/media\/15403"}],"wp:attachment":[{"href":"https:\/\/zonaroja.com.mx\/index.php?rest_route=%2Fwp%2Fv2%2Fmedia&parent=15512"}],"wp:term":[{"taxonomy":"category","embeddable":true,"href":"https:\/\/zonaroja.com.mx\/index.php?rest_route=%2Fwp%2Fv2%2Fcategories&post=15512"},{"taxonomy":"post_tag","embeddable":true,"href":"https:\/\/zonaroja.com.mx\/index.php?rest_route=%2Fwp%2Fv2%2Ftags&post=15512"}],"curies":[{"name":"wp","href":"https:\/\/api.w.org\/{rel}","templated":true}]}}