{"id":15520,"date":"2020-07-27T08:35:51","date_gmt":"2020-07-27T13:35:51","guid":{"rendered":"http:\/\/www.zonaroja.com.mx\/?p=15520"},"modified":"2020-07-27T09:30:55","modified_gmt":"2020-07-27T14:30:55","slug":"desorden-impunidad-y-delitos-en-sector-transporte-de-oaxaca","status":"publish","type":"post","link":"https:\/\/zonaroja.com.mx\/?p=15520","title":{"rendered":"Desorden, impunidad y delitos, en sector transporte de Oaxaca"},"content":{"rendered":"\n<p>Ismael Garc\u00eda M.\/Zona Roja.<\/p>\n\n\n\n<p>Oaxaca de Ju\u00e1rez, Oax., 27 de julio de\n2020.- En Oaxaca pareciera que no hay ley. O aunque exista, no se aplica. <\/p>\n\n\n\n<p>Y esto sucede en la mayor\u00eda de los\nrubros del quehacer social, pero en particular en el sector transporte, donde\nconductores bloquean con unidades concesionadas; pelean a la vista del p\u00fablico;\ntrasladan a presuntos delincuentes; golpean a individuos frente a la polic\u00eda; transportan\ndroga&#8230;<\/p>\n\n\n\n<p>Y todos los delitos quedan en la m\u00e1s absoluta\nimpunidad, frente a una Secretar\u00eda de Movilidad que no hace nada para meter\norden en el transporte. Despu\u00e9s de todo, poco o nada se puede esperar de su\nactual titular, Mariana Nassar Pi\u00f1eyro, en el cargo s\u00f3lo por recomendaci\u00f3n de\nsu madre, y sin ninguna experiencia en el cargo.<\/p>\n\n\n\n<p>CREAN MONSTRUO<\/p>\n\n\n\n<p>El monstruo comenz\u00f3 a tomar forma a\nfinales del sexenio de Jos\u00e9 Murat, en que se repartieron a diestra y siniestra\nal menos cinco mil concesiones, principalmente de taxis for\u00e1neos. Con \u00e9l naci\u00f3\nla Coordinaci\u00f3n de Transporte (Cotran)\u2026 que dirigi\u00f3 la empresaria camionera\nAurora L\u00f3pez Acevedo, hoy diputada.<\/p>\n\n\n\n<p>Pero a Murat lo rebas\u00f3 Ulises Ruiz\nOrtiz, quien luego de sus seis a\u00f1os, vilipendiado por las organizaciones\nsociales, otorg\u00f3 entre 10 mil y 12 mil concesiones, algunos refieren con pago\nprevio.<\/p>\n\n\n\n<p>Paralelo a ello surgieron vivales que\ncomenzaron a aglutinar a los ruleteros, que por miles llenaban comunidades de\ntodas las regiones. Aunado a ello comenzaron a fortalecer tambi\u00e9n la impunidad.<\/p>\n\n\n\n<p>El primero de ellos fue el extinto Juan Luis Mart\u00ednez y su Confederaci\u00f3n Nacional De l Productividad (CNP) quien cobr\u00f3 vida con Ulises Ruiz y poder extremo con Gabio Cu\u00e9 Monteagudo, para hacer y deshacer, con extrema violencia. <\/p>\n\n\n\n<p>Fue Cu\u00e9 precisamente, con sus supuestos\naires de democracia, quien intent\u00f3 poner orden al aprobarse, por fin, en su\nmandato, una Ley Estatal de Transporte, con la cual a su vez surgi\u00f3 la\nSecretar\u00eda de Transporte (Setran).<\/p>\n\n\n\n<p>Pero puso a vivales al frente de la dependencia; primero al perredista Pedro Silva Salazar, que reparti\u00f3 a diestra y siniestra concesiones a sus allegados en la Mixteca.<\/p>\n\n\n\n<p>Saciado \u00e9ste, vino el priista Jos\u00e9\nAntonio Estefan Garfias, que aprovecho el cargo para tambi\u00e9n repartir\nconcesiones, ahora en el Istmo de Tehuantepec.<\/p>\n\n\n\n<p>Le sucedi\u00f3 el panista Carlos Moreno\nAlc\u00e1ntara, que supuestamente con aires de honestidad, pondr\u00eda por fin orden;\npero por presuntos delitos, algunos aseguran que fabricados, fue a parar a la\nc\u00e1rcel por supuesta venta de concesiones; al final sali\u00f3 libre.<\/p>\n\n\n\n<p>SEXENIO DEL HORROR<\/p>\n\n\n\n<p>Justamente fue con Cu\u00e9 cuando las\norganizaciones sociales, ahora Sindicato \u201cLibertad\u201d, adem\u00e1s de la CNP, impon\u00edan\nel terror en las calles e incluso golpeaban a polic\u00edas frente a la gente, sin\nque nada sucediera.<\/p>\n\n\n\n<p>Fue (sigue siendo) la familia del finado\nJuan Luis Mart\u00ednez la que protagoniz\u00f3 la mayor cantidad de hechos delictivos,\nderivado de disputas internas por el poder. Paralelo a ello, resurgi\u00f3 la CTM\npero ya como brazo armado y no gremio sindical, que tambi\u00e9n se meti\u00f3 a la\ndisputa violenta.<\/p>\n\n\n\n<p>Con Alejandro Murat, fueron arropadas en\nla campa\u00f1a pol\u00edtica y despu\u00e9s continuaron con su racha violenta.<\/p>\n\n\n\n<p>Sin ninguna experiencia en el cargo,\nm\u00e1s que el manejo de grupos delictivos, a Jos\u00e9 Manuel Vera Salinas, actual\ntitular del Secretariado Ejecutivo del Sistema Estatal de Seguridad P\u00fablica, le\nencargaron la relaci\u00f3n con los gremios de transporte.<\/p>\n\n\n\n<p>Mientras que Francisco Garc\u00eda L\u00f3pez,\ntambi\u00e9n sin experiencia en el ramo, fue designado secretario de Vialidad, de\nadorno, m\u00e1s que de acci\u00f3n.<\/p>\n\n\n\n<p>El resultado fue m\u00e1s violencia y\ndesorden, m\u00e1s divisiones; el Sindicato \u201cLibertad\u201d desapareci\u00f3 y se uni\u00f3 a un\ngremio nacional, Confederaci\u00f3n \u201cLibertad\u201d; desde M\u00e9xico y v\u00eda morenistas se\ncre\u00f3 la Confederaci\u00f3n Aut\u00f3noma de Trabajadores y Empleados de M\u00e9xico (CATEM),\nhoy por hoy la reina de la impunidad, con Jaime Paz a la cabeza en la entidad.<\/p>\n\n\n\n<p>La CTM pr\u00e1cticamente desapareci\u00f3 y\nsurgi\u00f3 CATEM Joven, con los j\u00f3venes Luis Villaseca, los \u00fanicos en desgracia\npol\u00edtica; pero la mutaci\u00f3n ahora de los \u201cLibertad\u201d y CATEM fue hacia la\nconstrucci\u00f3n de obras y acarreo de materiales, que ha derivado en los \u00faltimos\ntres a\u00f1os en asesinatos, disparos de arma de fuego a plena luz del d\u00eda, sin\ndejar de lado su negocio de transporte de sustancias prohibidas, adem\u00e1s de\narmas.<\/p>\n\n\n\n<p>Justamente el manejo por varias cabezas\ndel sector transporte es el que tiene el caos en el sector; mientras Jos\u00e9\nManuel Vera mueve hilos (ahora para su campa\u00f1a pol\u00edtica) a su conveniencia y\npermite la violencia, la Secretar\u00eda de Movilidad (Semovi) s\u00f3lo se queda mirando.\n<\/p>\n\n\n\n<p>Despu\u00e9s de Garc\u00eda L\u00f3pez por varios\nmeses hubo un encargado de la dependencia, Alejandro Villanueva L\u00f3pez, de\nfamilia transportista. Finalmente asumi\u00f3 Mariana Nassar, que proced\u00eda del DIF\nestatal.<\/p>\n\n\n\n<p>DESORDEN E IMPUNIDAD<\/p>\n\n\n\n<p>El control sobre quienes operan las\nunidades del servicio p\u00fablico en la modalidad de taxis es blando, d\u00e9bil,\ninexistente y continua\u2026 sobre la Secretar\u00eda de Movilidad operan taxis sin\nconcesiones, choferes c\u00f3mplices de delitos y choferes ejecutores de hechos\nviolentos. Hasta los taxistas de la ciudad de Oaxaca han llegado los extremos,\nadem\u00e1s de los conductores de camiones del transporte urbano en la capital.<\/p>\n\n\n\n<p>Secuestro, robo de autopartes, intento\nde privaci\u00f3n de libertad, agravios contra mujeres, protagonistas de bloqueos\nviales y hasta agresiones a las polic\u00edas, son s\u00f3lo algunos de los delitos que\nse cometen por parte del gremio de taxis, sobre todo de aquellos adheridos a\norganizaciones identificadas como violentas, mismas que tienen atada de pies y\nmanos a la Semovi.<\/p>\n\n\n\n<p>Algunos ejemplos. A trav\u00e9s de\nvideoc\u00e1maras de domicilios particulares se logr\u00f3 la identificaci\u00f3n y detenci\u00f3n\nde ladrones de autopartes en la capital, que operaban con el apoyo de un taxi\nde San Jacinto Amilpas, para huir.<\/p>\n\n\n\n<p>El pasado 24 de julio se dio a conocer\ndel robo de una pieza de veh\u00edculo por parte de un hombre que baj\u00f3 y trat\u00f3 de\nhuir en un taxi del sitio \u201cLlano Verde\u201d, del municipio conurbado a Santa Cruz\nAmilpas, con placas 63-95-SJN y n\u00famero 1596.<\/p>\n\n\n\n<p>El a\u00f1o avanza entre hechos delictivos\npor parte de este sector. Recientemente, el pasado 12 de julio, taxistas de la\nConfederaci\u00f3n Aut\u00f3noma de Trabajadores y Empleados de M\u00e9xico (CATEM), se\nenfrentaron a polic\u00edas para detener a uno de sus agremiados que provoc\u00f3 un\naccidente.<\/p>\n\n\n\n<p>El taxi responsable, es una unidad \u201cpirata\u201d\ndel sitio Tal\u00e1n de Magdalena Apazco, de Etla. La Semovi desconoc\u00eda de la\nilegalidad del veh\u00edculo que circulaba s\u00f3lo pintado como taxi for\u00e1neo, pero sin\nplacas, ni n\u00famero econ\u00f3mico.<\/p>\n\n\n\n<p>Pero, adem\u00e1s de la balacera que\ndesataron los integrantes de CATEM y gresca taxistas armados con palos y tubos\nen contra del polic\u00eda que tomaba conocimiento del accidente, tambi\u00e9n bloquearon\ndiversas vialidades en la capital para exigir la liberaci\u00f3n de su compa\u00f1ero.<\/p>\n\n\n\n<p>En el mes de junio, adem\u00e1s de\nparticipar como agremiados a CATEM en diversos bloqueos en exigencia de obras\npara los compa\u00f1eros materialistas, tambi\u00e9n obstruyeron vialidades en la defensa\ny exigencia de liberaci\u00f3n de un integrante detenido por su presunto liderazgo\nen del C\u00e1rtel del Golfo en Valles Centrales, y se le relaciona con el trasiego\nde drogas y env\u00edo a la frontera con los Estados Unidos de Am\u00e9rica.<\/p>\n\n\n\n<p>Durante ese bloqueo se report\u00f3 en las\nredes sociales actos de robo de celulares contra otros taxistas por parte de los\nchoferes de las unidades de Magdalena Etla, agremiado a CATEM.<\/p>\n\n\n\n<p>A finales del mes de abril, un grupo de\nnueve taxistas del Frente Nacional Ind\u00edgena y Campesino (FNIC), en Huajuapan de\nLe\u00f3n, en la regi\u00f3n Mixteca, fueron detenidos por participar como grupo de\nchoque en un desalojo violento en el palacio municipal.<\/p>\n\n\n\n<p>Pero los taxistas fueron puestos en\nlibertad, pues supuestamente no se les configuro ning\u00fan delito, esto luego que\nel dirigente del FNIC se neg\u00f3 a pagar una fianza de 25 mil por cada uno y denunci\u00f3\na la presidenta municipal de San Marcos Arteaga, Irma Guerrero Pastrana por\nabuso de autoridad y violaci\u00f3n a los derechos humanos.<\/p>\n\n\n\n<p>En este mismo mes, los taxistas del\nValle Eteco se rebelaron y se enfrentaron con la Polic\u00eda Estatal y Vial durante\nun operativo implementado por la Semovi, por decreto del gobernador Alejandro\nMurat, para implementar medidas contra Covid-19, dentro de las unidades del\nservicio p\u00fablico.<\/p>\n\n\n\n<p>En su negativa de acatar las medidas,\ncon la reducci\u00f3n del n\u00famero de pasajeros, los ruleteros adheridos a la\nConfederaci\u00f3n Aut\u00f3noma de Trabajadores y Empleados de M\u00e9xico (CATEM), atacaron\na elementos de la Polic\u00eda Vial Estatal y Estatal.<\/p>\n\n\n\n<p>Sobre el crucero de Hacienda Blanca los\ntaxistas de la zona de Etla iniciaron un bloqueo, durante el cual causaron\nda\u00f1os en contra de las dos unidades polic\u00edacas. Una de las patrullas fue\nvolcada por los taxistas.<\/p>\n\n\n\n<p>Pero delitos de alto impacto como es el\nsecuestro tambi\u00e9n se ha llevado a cabo desde un taxi que pertenec\u00eda al sitio\nReyes, de Etla, con n\u00famero econ\u00f3mico 02-743 perteneciente a la CATEM.<\/p>\n\n\n\n<p>En marzo, la Polic\u00eda Estatal detuvo a\ncinco hombres que a bordo de una unidad del servicio p\u00fablico trasladaban a una\npersona secuestrada en la cajuela; el hecho se registr\u00f3 en un ret\u00e9n sobre la\ncarretera federal en la colonia de La Joya, perteneciente a la agencia de\nPueblo Nuevo de la capital oaxaque\u00f1a.<\/p>\n\n\n\n<p>Pero tambi\u00e9n han sido escenarios de\nagresiones contra mujeres. Ese mismo mes una ciudadana denunci\u00f3 en redes\nsociales un taxista, de la agrupaci\u00f3n de CATEM, se neg\u00f3 a bajarla, por lo que\ntuvo que ser auxiliada por una amiga para detener la unidad. Tuvo que atravesar\nsu veh\u00edculo sobre el paso de la avenida S\u00edmbolos Patrios.<\/p>\n\n\n\n<p>El hecho no fue tomado como un delito\nen el ministerio p\u00fablico, por lo que la mujer denunci\u00f3 el caso en redes para\nse\u00f1alar las omisiones en la justicia y la tolerancia para los taxistas.<\/p>\n\n\n\n<p>A inicios de este a\u00f1o tambi\u00e9n se dio a\nconocer de la agresi\u00f3n de un taxista del sitio Monte Alb\u00e1n de la capital contra\nun ciudadano que pag\u00f3 con un billete del cual el conductor no ten\u00eda cambio.<\/p>\n\n\n\n<p>Es pues la impunidad que reina en el transporte\ny as\u00ed llegar\u00e1 el cuarto a\u00f1o del sexenio.<\/p>\n","protected":false},"excerpt":{"rendered":"<p>Ismael Garc\u00eda M.\/Zona Roja. Oaxaca de Ju\u00e1rez, Oax., 27 de julio de 2020.- En Oaxaca&hellip;<\/p>\n","protected":false},"author":2,"featured_media":7610,"comment_status":"closed","ping_status":"open","sticky":false,"template":"","format":"standard","meta":{"_lmt_disableupdate":"","_lmt_disable":"","_jetpack_memberships_contains_paid_content":false,"footnotes":""},"categories":[456,109,48],"tags":[1353],"class_list":["post-15520","post","type-post","status-publish","format-standard","has-post-thumbnail","hentry","category-columna","category-minuto-a-minuto","category-zona-critica","tag-opinion-zona-critica"],"jetpack_featured_media_url":"https:\/\/zonaroja.com.mx\/wp-content\/uploads\/2020\/01\/Opini\u00f3n-Zona-Cr\u00edtica.jpg","jetpack_sharing_enabled":true,"_links":{"self":[{"href":"https:\/\/zonaroja.com.mx\/index.php?rest_route=\/wp\/v2\/posts\/15520","targetHints":{"allow":["GET"]}}],"collection":[{"href":"https:\/\/zonaroja.com.mx\/index.php?rest_route=\/wp\/v2\/posts"}],"about":[{"href":"https:\/\/zonaroja.com.mx\/index.php?rest_route=\/wp\/v2\/types\/post"}],"author":[{"embeddable":true,"href":"https:\/\/zonaroja.com.mx\/index.php?rest_route=\/wp\/v2\/users\/2"}],"replies":[{"embeddable":true,"href":"https:\/\/zonaroja.com.mx\/index.php?rest_route=%2Fwp%2Fv2%2Fcomments&post=15520"}],"version-history":[{"count":2,"href":"https:\/\/zonaroja.com.mx\/index.php?rest_route=\/wp\/v2\/posts\/15520\/revisions"}],"predecessor-version":[{"id":15522,"href":"https:\/\/zonaroja.com.mx\/index.php?rest_route=\/wp\/v2\/posts\/15520\/revisions\/15522"}],"wp:featuredmedia":[{"embeddable":true,"href":"https:\/\/zonaroja.com.mx\/index.php?rest_route=\/wp\/v2\/media\/7610"}],"wp:attachment":[{"href":"https:\/\/zonaroja.com.mx\/index.php?rest_route=%2Fwp%2Fv2%2Fmedia&parent=15520"}],"wp:term":[{"taxonomy":"category","embeddable":true,"href":"https:\/\/zonaroja.com.mx\/index.php?rest_route=%2Fwp%2Fv2%2Fcategories&post=15520"},{"taxonomy":"post_tag","embeddable":true,"href":"https:\/\/zonaroja.com.mx\/index.php?rest_route=%2Fwp%2Fv2%2Ftags&post=15520"}],"curies":[{"name":"wp","href":"https:\/\/api.w.org\/{rel}","templated":true}]}}