{"id":15526,"date":"2020-07-27T14:28:53","date_gmt":"2020-07-27T19:28:53","guid":{"rendered":"http:\/\/www.zonaroja.com.mx\/?p=15526"},"modified":"2020-07-27T14:28:57","modified_gmt":"2020-07-27T19:28:57","slug":"intensifican-colonos-de-la-capital-protesta-ante-instalacion-de-funeraria-covid","status":"publish","type":"post","link":"https:\/\/zonaroja.com.mx\/?p=15526","title":{"rendered":"Intensifican colonos de la capital protesta, ante instalaci\u00f3n de funeraria Covid"},"content":{"rendered":"\n<p>Evlin Arag\u00f3n\/Zona Roja.<\/p>\n\n\n\n<p>Oaxaca de Ju\u00e1rez, Oax., 27 de julio de\n2020.- Integrantes del Comit\u00e9 de Vida Vecinal (Comvive) de la colonia Del\nMaestro protestan este lunes para denunciar la instalaci\u00f3n de una funeraria con\ncrematorio para cuerpos Covid-19, sin contar con las instalaciones adecuadas y\nlos permisos necesarios por parte del municipio de Oaxaca de Ju\u00e1rez, por lo que\nexigieron su clausura de forma inmediata. <\/p>\n\n\n\n<p>Por la ma\u00f1ana ofrecieron una\nconferencia de prensa en la zona del establecimiento y despu\u00e9s de las 14:00\nhoras, iniciaron un bloqueo al acceso principal a dicha colonia, ante la falta\nde atenci\u00f3n por parte del ayuntamiento. <\/p>\n\n\n\n<p>Denunciaron que dicha empresa se\nlocaliza en la calle 19 de Enero esquina Jaime Torres Bodet, en donde desde\nhace unas semanas arriba personal de las funeraria \u201cCh\u00e1vez\u201d, \u201cMemorial\u201d y \u201cNazareth\u201d,\ncon quienes recientemente intentaron sostener una pl\u00e1tica para conocer la\nsituaci\u00f3n en la que se encuentra el establecimiento. <\/p>\n\n\n\n<p>Sin embargo, fueron recibidos con amenazas por parte del personal, por lo que responsabilizaron a estas empresas de lo que pueda pasarle a cualquier habitante de la colonia, inclusive a cualquier integrante del Comvive como a sus familias, debido a la actitud hostil con la que respondieron al interior de las empresas.\u00a0 <\/p>\n\n\n\n<figure class=\"wp-block-embed-twitter wp-block-embed is-type-rich is-provider-twitter\"><div class=\"wp-block-embed__wrapper\">\n<div class=\"twitter-tweet\"><blockquote class=\"twitter-tweet\" data-lang=\"es\"><p lang=\"es\" dir=\"ltr\"><a href=\"https:\/\/twitter.com\/hashtag\/%C3%9AltimoMinuto?src=hash&amp;ref_src=twsrc%5Etfw\">#\u00daltimoMinuto<\/a> <br>Ante el escaso inter\u00e9s del <a href=\"https:\/\/twitter.com\/MunicipioOaxaca?ref_src=twsrc%5Etfw\">@MunicipioOaxaca<\/a> para cerrar una funeraria, vecinos bloquean el acceso a la colonia Del Maestro, ciudad de Oaxaca. <a href=\"https:\/\/t.co\/8rHLwQUEdL\">pic.twitter.com\/8rHLwQUEdL<\/a><\/p>&mdash; Zona Roja Oaxaca (@MexRoja) <a href=\"https:\/\/twitter.com\/MexRoja\/status\/1287831154989527040?ref_src=twsrc%5Etfw\">27 de julio de 2020<\/a><\/blockquote><\/div>\n<\/div><\/figure>\n\n\n\n<p>Los dirigentes encabezados por la\nse\u00f1ora Irma Caballero explicaron que su preocupaci\u00f3n se debe a que las empresas\nfunerarias antes citadas tienen antecedentes negativos que se han expuesto a\ntrav\u00e9s de los medios de comunicaci\u00f3n, siendo el m\u00e1s preocupante la falta de\nmedidas sanitarias id\u00f3neas para evitar un foco de infecci\u00f3n, raz\u00f3n por la que\ninsistieron en su clausura.&nbsp; <\/p>\n\n\n\n<p>\u201cAnte la situaci\u00f3n que est\u00e1 viviendo el\npa\u00eds y m\u00e1s en nuestro estado, pues nosotros hemos decidido como colonos no\naceptar la instalaci\u00f3n de las funerarias en este lugar, no sabemos el giro\ncomercial que tenga si est\u00e1 dentro de sus funciones, albergar a una funeraria,\npero a leguas se ve que no es un espacio adecuado para manejar el tipo de\nsituaci\u00f3n\u201d, refiri\u00f3 uno de los colonos. <\/p>\n\n\n\n<p>Por lo anterior hicieron un llamado a\nlas autoridades del municipio de Oaxaca de Ju\u00e1rez, que encabeza Oswaldo Garc\u00eda\nJarqu\u00edn, para que ponga atenci\u00f3n en la situaci\u00f3n, ya que de acuerdo con sus\nfuncionarios no ten\u00edan informaci\u00f3n sobre el estatus del establecimiento, por lo\nque se comprometieron a revisar que existan los permisos correspondientes. <\/p>\n\n\n\n<p>Sin embargo, pese al compromiso de la autoridad, advirtieron que no permitir\u00e1n el funcionamiento de la empresa, por lo que valoran otro tipo de acciones a realizar, adem\u00e1s del bloqueo a vialidades de hoy, para impedir que se ponga en riesgo a la poblaci\u00f3n de la colonia Del Maestro.\u00a0 <\/p>\n\n\n\n<figure class=\"wp-block-embed-twitter wp-block-embed is-type-rich is-provider-twitter\"><div class=\"wp-block-embed__wrapper\">\n<div class=\"twitter-tweet\"><blockquote class=\"twitter-tweet\" data-lang=\"es\"><p lang=\"es\" dir=\"ltr\"><a href=\"https:\/\/twitter.com\/hashtag\/ENVIVO?src=hash&amp;ref_src=twsrc%5Etfw\">#ENVIVO<\/a><br>Oaxaca de Ju\u00e1rez, Oax., 27 de julio de 2020.- Habitantes de la colonia Del Maestro de la ciudad de Oaxaca protestan ante la apertura de una funeraria con crematorio para cuerpos Covid-19; exigen su clausura.<br>Aqu\u00ed transmisi\u00f3n \ud83d\udc47<a href=\"https:\/\/t.co\/cpTtonEw3u\">https:\/\/t.co\/cpTtonEw3u<\/a> <a href=\"https:\/\/t.co\/USpa1zxeFM\">pic.twitter.com\/USpa1zxeFM<\/a><\/p>&mdash; Zona Roja Oaxaca (@MexRoja) <a href=\"https:\/\/twitter.com\/MexRoja\/status\/1287754062872469504?ref_src=twsrc%5Etfw\">27 de julio de 2020<\/a><\/blockquote><\/div>\n<\/div><\/figure>\n\n\n\n<p>\u201cEs un no rotundo a la instalaci\u00f3n, con\npermisos o sin permiso es un no rotundo a la instalaci\u00f3n de este tipo de\nnegocios, por lo menos por el momento dada la situaci\u00f3n de la pandemia\u201d,\nsentenciaron. <\/p>\n\n\n\n<p>A inicios del mes de julio, tambi\u00e9n la\ncapital oaxaque\u00f1a, habitantes de la colonia Linda Vista bloquearon vialidades,\na la altura del monumento a la Madre, a fin de exigir el cierre del Laboratorio\n\u201cSan Francisco\u201d, ubicado en la zona. <\/p>\n\n\n\n<p>Situaci\u00f3n que lograron, al menos de\nforma temporal, debido a que el establecimiento realizaba pruebas de Covid-19\nsin los protocolos de seguridad necesarios, lo que manten\u00eda inquieta a la\npoblaci\u00f3n. <\/p>\n","protected":false},"excerpt":{"rendered":"<p>Evlin Arag\u00f3n\/Zona Roja. Oaxaca de Ju\u00e1rez, Oax., 27 de julio de 2020.- Integrantes del Comit\u00e9&hellip;<\/p>\n","protected":false},"author":2,"featured_media":15527,"comment_status":"closed","ping_status":"open","sticky":false,"template":"","format":"standard","meta":{"_lmt_disableupdate":"","_lmt_disable":"","_jetpack_memberships_contains_paid_content":false,"footnotes":""},"categories":[109,47],"tags":[148],"class_list":["post-15526","post","type-post","status-publish","format-standard","has-post-thumbnail","hentry","category-minuto-a-minuto","category-zona-gris","tag-oaxaca-de-juarez"],"jetpack_featured_media_url":"https:\/\/zonaroja.com.mx\/wp-content\/uploads\/2020\/07\/Bloqueo-colonia-del-Maestro.jpg","jetpack_sharing_enabled":true,"_links":{"self":[{"href":"https:\/\/zonaroja.com.mx\/index.php?rest_route=\/wp\/v2\/posts\/15526","targetHints":{"allow":["GET"]}}],"collection":[{"href":"https:\/\/zonaroja.com.mx\/index.php?rest_route=\/wp\/v2\/posts"}],"about":[{"href":"https:\/\/zonaroja.com.mx\/index.php?rest_route=\/wp\/v2\/types\/post"}],"author":[{"embeddable":true,"href":"https:\/\/zonaroja.com.mx\/index.php?rest_route=\/wp\/v2\/users\/2"}],"replies":[{"embeddable":true,"href":"https:\/\/zonaroja.com.mx\/index.php?rest_route=%2Fwp%2Fv2%2Fcomments&post=15526"}],"version-history":[{"count":1,"href":"https:\/\/zonaroja.com.mx\/index.php?rest_route=\/wp\/v2\/posts\/15526\/revisions"}],"predecessor-version":[{"id":15528,"href":"https:\/\/zonaroja.com.mx\/index.php?rest_route=\/wp\/v2\/posts\/15526\/revisions\/15528"}],"wp:featuredmedia":[{"embeddable":true,"href":"https:\/\/zonaroja.com.mx\/index.php?rest_route=\/wp\/v2\/media\/15527"}],"wp:attachment":[{"href":"https:\/\/zonaroja.com.mx\/index.php?rest_route=%2Fwp%2Fv2%2Fmedia&parent=15526"}],"wp:term":[{"taxonomy":"category","embeddable":true,"href":"https:\/\/zonaroja.com.mx\/index.php?rest_route=%2Fwp%2Fv2%2Fcategories&post=15526"},{"taxonomy":"post_tag","embeddable":true,"href":"https:\/\/zonaroja.com.mx\/index.php?rest_route=%2Fwp%2Fv2%2Ftags&post=15526"}],"curies":[{"name":"wp","href":"https:\/\/api.w.org\/{rel}","templated":true}]}}