{"id":15529,"date":"2020-07-27T14:35:31","date_gmt":"2020-07-27T19:35:31","guid":{"rendered":"http:\/\/www.zonaroja.com.mx\/?p=15529"},"modified":"2020-07-27T14:35:35","modified_gmt":"2020-07-27T19:35:35","slug":"valles-centrales-con-72-de-contagios-de-covid-en-una-semana-y-sin-confinamiento","status":"publish","type":"post","link":"https:\/\/zonaroja.com.mx\/?p=15529","title":{"rendered":"Valles Centrales con 72% de contagios de Covid en una semana\u2026 y sin confinamiento"},"content":{"rendered":"\n<p>Yuridiana Sosa\/Zona Roja.<\/p>\n\n\n\n<p>Oaxaca de Ju\u00e1rez, Oax., 27 de julio de\n2020.- Desde el retroceso al sem\u00e1foro rojo para la entidad, la regi\u00f3n de Valles\nCentrales present\u00f3, en promedio, un incremento diario de 116 casos positivos de\nCovid-19.<\/p>\n\n\n\n<p>Sin embargo, los llamados del gobierno\nestatal al confinamiento para reducir los \u00edndices y las medidas de prevenci\u00f3n\nse direccionaron para otras zonas de Oaxaca.<\/p>\n\n\n\n<p>Por segunda ocasi\u00f3n en su mensaje\nsemanal, el gobernador Alejandro Murat se dirigi\u00f3 a la poblaci\u00f3n de la Cuenca y\ndel Istmo, donde anteriormente se registr\u00f3 un elevado \u00edndice, pero olvid\u00f3 el\nepicentro del repunte de contagios, pues al retomar el sem\u00e1foro rojo los Valles\ny en especial la capital muestran disparos en cifras.<\/p>\n\n\n\n<p>En el transcurso de una semana &#8211;del 20\nal 26 de julio&#8211; en la entidad se registraron 972 nuevos casos y 54\ndefunciones, de los que la regi\u00f3n de Valles Centrales representa el 72 por\nciento al acumular 699 y el 44 por ciento de los decesos, de acuerdo a cifras\nde la Secretar\u00eda de Salud.<\/p>\n\n\n\n<p>El pasado jueves 23 de julio se\nposicion\u00f3 como el d\u00eda con el mayor n\u00famero de casos confirmados de covid-19 en\nla entidad, con 248 contagios, es decir, el 25.5 por ciento de los positivos\ntotales de la semana.<\/p>\n\n\n\n<p>Oaxaca de Ju\u00e1rez se ha mantenido con\ncifras altas durante la primera semana en color rojo. En la capital se\nacumularon 275 nuevos contagios de coronavirus, con su pico m\u00e1s alto el jueves\n23 de julio con 63 nuevos casos.<\/p>\n\n\n\n<p>La ciudadan\u00eda de la capital y\nmunicipios conurbados incrementaron su movilidad tanto en actividades laborales\ncomo de esparcimiento. La afluencia de ciudadanos es cada vez m\u00e1s notoria en el\ncentro de la ciudad, donde este lunes se vuelve en epicentro de manifestaciones\npor parte de diferentes grupos.<\/p>\n\n\n\n<p>En las regiones, el Istmo registr\u00f3 115\ncasos nuevos de Covid-19 y ocho defunciones en el transcurso de la semana que\nconcluy\u00f3, muestran datos oficiales de los Servicios de Salud de Oaxaca.<\/p>\n\n\n\n<p>En esta zona de la entidad, municipios\ncomo Juchit\u00e1n, Salina Cruz, Tehuantepec y Mat\u00edas Romero incrementaron medidas\nde sanidad, como el cierre del comercio, as\u00ed como recibieron la ayuda de la\nSecretar\u00eda de Seguridad P\u00fablica de Oaxaca para la limpieza de calles con\nveh\u00edculos de las fuerzas estatales.<\/p>\n\n\n\n<p>En la Cuenca se registraron de forma\noficial 56 nuevos contagios y 16 defunciones; en esta regi\u00f3n, en el municipio\nde Tuxtepec se cerr\u00f3 el paso vehicular en la zona centro como medida para\nabatir las altas cifras, luego del deceso por Covid-19 del ex presidente.<\/p>\n\n\n\n<p>Sin embargo, a pesar de los exhortos\ndel mandatario a un confinamiento total, la poblaci\u00f3n contin\u00faa su movilidad,\nas\u00ed como el comercio informal se mantiene en las calles.<\/p>\n\n\n\n<p>En tanto, en la regi\u00f3n de la Mixteca,\nque tambi\u00e9n muestra escala en el registro de nuevos casos, se confirmaron 68\nnuevos contagios y dos defunciones.<\/p>\n","protected":false},"excerpt":{"rendered":"<p>Yuridiana Sosa\/Zona Roja. Oaxaca de Ju\u00e1rez, Oax., 27 de julio de 2020.- Desde el retroceso&hellip;<\/p>\n","protected":false},"author":2,"featured_media":15530,"comment_status":"closed","ping_status":"open","sticky":false,"template":"","format":"standard","meta":{"_lmt_disableupdate":"","_lmt_disable":"","_jetpack_memberships_contains_paid_content":false,"footnotes":""},"categories":[109,47],"tags":[1512],"class_list":["post-15529","post","type-post","status-publish","format-standard","has-post-thumbnail","hentry","category-minuto-a-minuto","category-zona-gris","tag-coronavirus-oaxaca"],"jetpack_featured_media_url":"https:\/\/zonaroja.com.mx\/wp-content\/uploads\/2020\/07\/Covid-Oaxaca-3.png","jetpack_sharing_enabled":true,"_links":{"self":[{"href":"https:\/\/zonaroja.com.mx\/index.php?rest_route=\/wp\/v2\/posts\/15529","targetHints":{"allow":["GET"]}}],"collection":[{"href":"https:\/\/zonaroja.com.mx\/index.php?rest_route=\/wp\/v2\/posts"}],"about":[{"href":"https:\/\/zonaroja.com.mx\/index.php?rest_route=\/wp\/v2\/types\/post"}],"author":[{"embeddable":true,"href":"https:\/\/zonaroja.com.mx\/index.php?rest_route=\/wp\/v2\/users\/2"}],"replies":[{"embeddable":true,"href":"https:\/\/zonaroja.com.mx\/index.php?rest_route=%2Fwp%2Fv2%2Fcomments&post=15529"}],"version-history":[{"count":1,"href":"https:\/\/zonaroja.com.mx\/index.php?rest_route=\/wp\/v2\/posts\/15529\/revisions"}],"predecessor-version":[{"id":15531,"href":"https:\/\/zonaroja.com.mx\/index.php?rest_route=\/wp\/v2\/posts\/15529\/revisions\/15531"}],"wp:featuredmedia":[{"embeddable":true,"href":"https:\/\/zonaroja.com.mx\/index.php?rest_route=\/wp\/v2\/media\/15530"}],"wp:attachment":[{"href":"https:\/\/zonaroja.com.mx\/index.php?rest_route=%2Fwp%2Fv2%2Fmedia&parent=15529"}],"wp:term":[{"taxonomy":"category","embeddable":true,"href":"https:\/\/zonaroja.com.mx\/index.php?rest_route=%2Fwp%2Fv2%2Fcategories&post=15529"},{"taxonomy":"post_tag","embeddable":true,"href":"https:\/\/zonaroja.com.mx\/index.php?rest_route=%2Fwp%2Fv2%2Ftags&post=15529"}],"curies":[{"name":"wp","href":"https:\/\/api.w.org\/{rel}","templated":true}]}}