{"id":15532,"date":"2020-07-27T14:52:00","date_gmt":"2020-07-27T19:52:00","guid":{"rendered":"http:\/\/www.zonaroja.com.mx\/?p=15532"},"modified":"2020-07-27T17:30:25","modified_gmt":"2020-07-27T22:30:25","slug":"tlaxiaco-se-va-a-confinamiento-total-por-10-ante-covid-lleva-cuatro-dias-de-protestas","status":"publish","type":"post","link":"https:\/\/zonaroja.com.mx\/?p=15532","title":{"rendered":"Tlaxiaco se va a confinamiento total por 10 d\u00edas ante Covid; van 4 d\u00edas de protestas"},"content":{"rendered":"\n<p>Evlin Arag\u00f3n\/Zona Roja.<\/p>\n\n\n\n<p>Oaxaca de Ju\u00e1rez, Oax., 27 de julio de\n2020.- En medio de una protesta que cumple cuatro d\u00edas, as\u00ed como bloques\ncarreteros, la autoridad municipal de la Heroica Ciudad de Tlaxiaco determin\u00f3\nun confinamiento voluntario de 10 d\u00edas en la localidad, a partir de este lunes\n27 de julio y hasta el 5 de agosto, ante el incremento alarmante de casos\npositivos y defunciones por Covid-19. <\/p>\n\n\n\n<p>Lo anterior incluye la reducci\u00f3n o\nsuspensi\u00f3n de actividades en establecimiento comerciales y de servicios,\nmercados municipales, oficina de dependencias estatales y federales, transporte\np\u00fablico, bancos e instituciones financiera, que tendr\u00e1n que valorar la\nrecomendaci\u00f3n y actuar en consecuencia.&nbsp; <\/p>\n\n\n\n<p>As\u00ed se determin\u00f3 en Sesi\u00f3n de Cabildo\nde este fin de semana, en donde se propusieron diversas acciones para\ngarantizar el derecho a la salud y a la vida de la poblaci\u00f3n, que se encuentra\nen su etapa de m\u00e1s alto contagio por coronavirus hasta el momento. <\/p>\n\n\n\n<p>La autoridad encabezada por Gaudencio\nOrtiz Cruz, suspendi\u00f3 toda actividad de atenci\u00f3n al p\u00fablico de las diferentes\n\u00e1reas del ayuntamiento, excepto las de seguridad p\u00fablica y vialidad, protecci\u00f3n\ncivil, servicios municipales, salud, ingresos, ecolog\u00eda y coordinaci\u00f3n de\npanteones. <\/p>\n\n\n\n<p>De igual forma, continuaran suspendido\nlo tianguis y d\u00edas de plaza, por lo que vendedores for\u00e1neo y poblaciones\ncircunvecinas deben evitar asistir a la comunidad lo d\u00edas s\u00e1bado de plaza,\nhasta nuevo aviso; as\u00ed como se pide a la poblaci\u00f3n en general el uso\nobligatorio de cubrebocas en espacios p\u00fablicos.&nbsp;&nbsp; <\/p>\n\n\n\n<p>Para la autoridad municipal el llamado al reguardo voluntario tiene el objetico de concientizar a la poblaci\u00f3n para salir solo en casos de extrema necesidad o emergencia.&nbsp; <\/p>\n\n\n\n<figure class=\"wp-block-embed-twitter wp-block-embed is-type-rich is-provider-twitter\"><div class=\"wp-block-embed__wrapper\">\n<div class=\"twitter-tweet\"><blockquote class=\"twitter-tweet\" data-lang=\"es\"><p lang=\"es\" dir=\"ltr\"><a href=\"https:\/\/twitter.com\/hashtag\/%C3%9AltimoMinuto?src=hash&amp;ref_src=twsrc%5Etfw\">#\u00daltimoMinuto<\/a> <br>En la Haroica Ciudad de Tlaxiaco suman cuatro d\u00edas de protestas contra el edil <a href=\"https:\/\/twitter.com\/GaudencioOrtizC?ref_src=twsrc%5Etfw\">@GaudencioOrtizC<\/a> y los bloqueos carreteros se intensificaron este lunes; agencias municipales exigen sus recursos presupuestales. <a href=\"https:\/\/t.co\/Rcm9gn4jrN\">pic.twitter.com\/Rcm9gn4jrN<\/a><\/p>&mdash; Zona Roja Oaxaca (@MexRoja) <a href=\"https:\/\/twitter.com\/MexRoja\/status\/1287835821135917056?ref_src=twsrc%5Etfw\">27 de julio de 2020<\/a><\/blockquote><\/div>\n<\/div><\/figure>\n\n\n\n<p>Con lo anterior, uno de los municipios\nm\u00e1s importantes de la regi\u00f3n Mixteca se une los lineamientos dispuestos por el\ngobierno de Oaxaca para localidades de la Cuenca y el Istmo de Tehuantepec,\nquienes se mantienen con el resguardo voluntario de diez d\u00edas ante el alto\nn\u00famero de contagios.&nbsp; <\/p>\n\n\n\n<p>LAS MOVILIZACIONES <\/p>\n\n\n\n<p>Sin embargo, durante todo este fin de\nsemana y pese a la determinaci\u00f3n del resguardo domiciliario, pobladores de San\nMiguel del Progreso se manifestaron para denunciar la violencia que ejerce el\nedil Gaudencio Ortiz Cruz contra la poblaci\u00f3n al intimidarles y no entregar los\nrecursos presupuestales de la agencia. <\/p>\n\n\n\n<p>Desde la tarde del viernes se\napoderaron del Palacio Municipal; el s\u00e1bado y domingo, sin respuestas\nefectivas, decidieron realizar bloqueos carreteros. <\/p>\n\n\n\n<p>Este lunes mantienen su protesta con\ncartulinas y lonas en mano en la que piden un alto a la corrupci\u00f3n: \u201cEl pueblo\nde San Miguel del Progreso se manifiesta en contra del intermediarismo pol\u00edtico\nnefasto\u201d, \u201cBasta ya de facturas a conveniencia del cabildo municipal\u201d y \u201cAnte\nla dif\u00edcil problem\u00e1tica del pa\u00eds, el pueblo de San Miguel del Progreso es\nlevanta en lucha, para exigir sus derechos leg\u00edtimos\u201d, son parte de las\ndemandas que realizan este d\u00eda.&nbsp; <\/p>\n","protected":false},"excerpt":{"rendered":"<p>Evlin Arag\u00f3n\/Zona Roja. Oaxaca de Ju\u00e1rez, Oax., 27 de julio de 2020.- En medio de&hellip;<\/p>\n","protected":false},"author":2,"featured_media":15533,"comment_status":"closed","ping_status":"open","sticky":false,"template":"","format":"standard","meta":{"_lmt_disableupdate":"","_lmt_disable":"","_jetpack_memberships_contains_paid_content":false,"footnotes":""},"categories":[109,47],"tags":[643],"class_list":["post-15532","post","type-post","status-publish","format-standard","has-post-thumbnail","hentry","category-minuto-a-minuto","category-zona-gris","tag-heroica-ciudad-de-tlaxiaco"],"jetpack_featured_media_url":"https:\/\/zonaroja.com.mx\/wp-content\/uploads\/2020\/07\/Protesta-Tlaxiaco.jpg","jetpack_sharing_enabled":true,"_links":{"self":[{"href":"https:\/\/zonaroja.com.mx\/index.php?rest_route=\/wp\/v2\/posts\/15532","targetHints":{"allow":["GET"]}}],"collection":[{"href":"https:\/\/zonaroja.com.mx\/index.php?rest_route=\/wp\/v2\/posts"}],"about":[{"href":"https:\/\/zonaroja.com.mx\/index.php?rest_route=\/wp\/v2\/types\/post"}],"author":[{"embeddable":true,"href":"https:\/\/zonaroja.com.mx\/index.php?rest_route=\/wp\/v2\/users\/2"}],"replies":[{"embeddable":true,"href":"https:\/\/zonaroja.com.mx\/index.php?rest_route=%2Fwp%2Fv2%2Fcomments&post=15532"}],"version-history":[{"count":2,"href":"https:\/\/zonaroja.com.mx\/index.php?rest_route=\/wp\/v2\/posts\/15532\/revisions"}],"predecessor-version":[{"id":15538,"href":"https:\/\/zonaroja.com.mx\/index.php?rest_route=\/wp\/v2\/posts\/15532\/revisions\/15538"}],"wp:featuredmedia":[{"embeddable":true,"href":"https:\/\/zonaroja.com.mx\/index.php?rest_route=\/wp\/v2\/media\/15533"}],"wp:attachment":[{"href":"https:\/\/zonaroja.com.mx\/index.php?rest_route=%2Fwp%2Fv2%2Fmedia&parent=15532"}],"wp:term":[{"taxonomy":"category","embeddable":true,"href":"https:\/\/zonaroja.com.mx\/index.php?rest_route=%2Fwp%2Fv2%2Fcategories&post=15532"},{"taxonomy":"post_tag","embeddable":true,"href":"https:\/\/zonaroja.com.mx\/index.php?rest_route=%2Fwp%2Fv2%2Ftags&post=15532"}],"curies":[{"name":"wp","href":"https:\/\/api.w.org\/{rel}","templated":true}]}}