{"id":15535,"date":"2020-07-27T15:02:15","date_gmt":"2020-07-27T20:02:15","guid":{"rendered":"http:\/\/www.zonaroja.com.mx\/?p=15535"},"modified":"2020-07-27T15:02:18","modified_gmt":"2020-07-27T20:02:18","slug":"con-muestra-artesanal-virtual-creadores-populares-buscan-reactivar-su-economia","status":"publish","type":"post","link":"https:\/\/zonaroja.com.mx\/?p=15535","title":{"rendered":"Con muestra artesanal virtual, creadores populares buscan reactivar su econom\u00eda"},"content":{"rendered":"\n<p>Redacci\u00f3n\/Zona Roja.<\/p>\n\n\n\n<p>Oaxaca de Ju\u00e1rez, Oax., 27 de julio de\n2020.- Para mostrar al mundo entero la riqueza cultural de los pueblos de\nOaxaca, artesanas y artesanos realizaron por vez primera un recorrido virtual\npor creaciones populares de San Bartolo Coyotepec, Santo Tom\u00e1s Jalieza, Santa\nAna del Valle, Ocotl\u00e1n de Morelos, San Mart\u00edn Tilcajete, entre otros.<\/p>\n\n\n\n<p>Lo anterior con la finalidad de que a\ntrav\u00e9s de la conectividad que ofrecen las redes sociales, se pueda reactivar la\neconom\u00eda que ha sido mermada tras la pandemia del Covid-19.<\/p>\n\n\n\n<p>\u201cOaxaca, esperanza, magia y cultura\u201d\nfue el programa a trav\u00e9s de las redes sociales del diputado Horacio Sosa, donde\nartesanos como Jos\u00e9 L\u00f3pez Arag\u00f3n, originario de San Bartolo Coyotepec,\nexpusieron sus piezas y elaboraron en vivo, jarrones, fruteros y dem\u00e1s\nutensilios que a\u00f1o con a\u00f1o son buscados por su valor ancestral por visitantes\nde todas partes.<\/p>\n\n\n\n<p>\u201cInvitamos a las personas para que\nvengan despu\u00e9s de la contingencia o ahorita mismo para que nos visiten, estamos\ntrabajando en nuestros domicilios, desde casa no hemos parado de trabajar, los\nesperamos cuando gusten\u201d, expres\u00f3 el maestro artesano.<\/p>\n\n\n\n<p>La Villa de Zaachila tambi\u00e9n se hizo\npresente con lo mejor de su gastronom\u00eda, la barbacoa, y fue la se\u00f1ora Siria\nV\u00e1squez, quien detall\u00f3 que, ante el cierre de los mercados, el impacto\necon\u00f3mico ha sido desfavorable para las familias de dicha localidad, por lo que\nreiter\u00f3 esta invitaci\u00f3n a consumir la comida oaxaque\u00f1a y adquirir productos\nlocales.<\/p>\n\n\n\n<p>En su oportunidad, el diputado local\ndel distrito 16, Horacio Sosa, destac\u00f3 que esta primera muestra virtual, es un\nesfuerzo por recordar al mundo entero, la riqueza milenaria con la cuentan\nnuestros pueblos y comunidades ind\u00edgenas.<\/p>\n\n\n\n<p>\u201cQuiero agradecer a los artesanos que\nnos han dado la confianza y hoy m\u00e1s que nunca es el momento de unir esfuerzos,\nde estrechar los lazos, de compartir la riqueza cultural que tenemos en\nnuestros pueblos y comunidades ind\u00edgenas. Hoy ante esta emergencia debemos\nestar unidos y tenemos que estar del lado de los artesanos y con lo que podamos\nayudar, vamos a contribuir con este tipo de eventos\u201d.<\/p>\n\n\n\n<p>Finalmente, dio a conocer que, desde el\nCongreso del Estado, impulsan programas de apoyo emergente para quienes viven\ndel turismo y del sector que se encuentra en la informalidad.<\/p>\n\n\n\n<p>\u201cDecirles que el Congreso est\u00e1 muy\natento a lo que est\u00e1 pasando y decirles que se est\u00e1n planteando apoyos\necon\u00f3micos en todo el estado, ya hicimos la propuesta al Gobernador del Estado\npara reactivar la econom\u00eda, porque un sector muy importante de la poblaci\u00f3n en\nOaxaca vive del turismo, de las artesan\u00edas y hoy ante esta crisis no tienen\ningresos\u201d.<\/p>\n\n\n\n<p>En el encuentro realizado en el Museo\nEstatal de Arte Popular de Oaxaca, participaron tambi\u00e9n artesanos de Oaxaca de\nJu\u00e1rez, la Villa de Mitla, San Antonio Arrazola, as\u00ed como mezcaleros de Santa\nCatarina Minas.<\/p>\n","protected":false},"excerpt":{"rendered":"<p>Redacci\u00f3n\/Zona Roja. Oaxaca de Ju\u00e1rez, Oax., 27 de julio de 2020.- Para mostrar al mundo&hellip;<\/p>\n","protected":false},"author":2,"featured_media":15536,"comment_status":"closed","ping_status":"open","sticky":false,"template":"","format":"standard","meta":{"_lmt_disableupdate":"","_lmt_disable":"","_jetpack_memberships_contains_paid_content":false,"footnotes":""},"categories":[109,46],"tags":[444],"class_list":["post-15535","post","type-post","status-publish","format-standard","has-post-thumbnail","hentry","category-minuto-a-minuto","category-zona-blanca","tag-horacio-sosa-villavicencio"],"jetpack_featured_media_url":"https:\/\/zonaroja.com.mx\/wp-content\/uploads\/2020\/07\/muestra-virtual-01.jpeg","jetpack_sharing_enabled":true,"_links":{"self":[{"href":"https:\/\/zonaroja.com.mx\/index.php?rest_route=\/wp\/v2\/posts\/15535","targetHints":{"allow":["GET"]}}],"collection":[{"href":"https:\/\/zonaroja.com.mx\/index.php?rest_route=\/wp\/v2\/posts"}],"about":[{"href":"https:\/\/zonaroja.com.mx\/index.php?rest_route=\/wp\/v2\/types\/post"}],"author":[{"embeddable":true,"href":"https:\/\/zonaroja.com.mx\/index.php?rest_route=\/wp\/v2\/users\/2"}],"replies":[{"embeddable":true,"href":"https:\/\/zonaroja.com.mx\/index.php?rest_route=%2Fwp%2Fv2%2Fcomments&post=15535"}],"version-history":[{"count":1,"href":"https:\/\/zonaroja.com.mx\/index.php?rest_route=\/wp\/v2\/posts\/15535\/revisions"}],"predecessor-version":[{"id":15537,"href":"https:\/\/zonaroja.com.mx\/index.php?rest_route=\/wp\/v2\/posts\/15535\/revisions\/15537"}],"wp:featuredmedia":[{"embeddable":true,"href":"https:\/\/zonaroja.com.mx\/index.php?rest_route=\/wp\/v2\/media\/15536"}],"wp:attachment":[{"href":"https:\/\/zonaroja.com.mx\/index.php?rest_route=%2Fwp%2Fv2%2Fmedia&parent=15535"}],"wp:term":[{"taxonomy":"category","embeddable":true,"href":"https:\/\/zonaroja.com.mx\/index.php?rest_route=%2Fwp%2Fv2%2Fcategories&post=15535"},{"taxonomy":"post_tag","embeddable":true,"href":"https:\/\/zonaroja.com.mx\/index.php?rest_route=%2Fwp%2Fv2%2Ftags&post=15535"}],"curies":[{"name":"wp","href":"https:\/\/api.w.org\/{rel}","templated":true}]}}