{"id":15539,"date":"2020-07-27T20:25:05","date_gmt":"2020-07-28T01:25:05","guid":{"rendered":"http:\/\/www.zonaroja.com.mx\/?p=15539"},"modified":"2020-07-27T20:25:09","modified_gmt":"2020-07-28T01:25:09","slug":"contamina-de-nuevo-minera-cuzcatlan-afluente-en-valle-de-ocotlan-oaxaca","status":"publish","type":"post","link":"https:\/\/zonaroja.com.mx\/?p=15539","title":{"rendered":"Contamina de nuevo minera Cuzcatl\u00e1n afluente en valle de Ocotl\u00e1n, Oaxaca"},"content":{"rendered":"\n<p>Evlin Arag\u00f3n\/Zona Roja.<\/p>\n\n\n\n<p>Oaxaca de Ju\u00e1rez, Oax., 27 de julio de\n2020.- Autoridades y habitante de Magdalena, Ocotl\u00e1n, Oaxaca, denunciaron por\nsegunda ocasi\u00f3n la contaminaci\u00f3n de sus mantos acu\u00edferos por parte de la\nempresa minera Fortuna Silver filial de la empresa Cuzcatl\u00e1n, que se encuentra\ninstalada en la regi\u00f3n de los Valles Centrales.&nbsp;\n<\/p>\n\n\n\n<p>As\u00ed lo dieron a conocer en conferencia\nde prensa, donde aseguraron que los impactos ambientales producidos por la\nexplotaci\u00f3n minera se han profundizado en la regi\u00f3n poniendo en riesgo el agua\ny la vida de quienes habitan en toda la zona.&nbsp;\n<\/p>\n\n\n\n<p>De forma particular, las afectaciones\nse viven en Magdalena, Ocotl\u00e1n, ya que el pasado 14 de julio descubrieron que\nun pozo de captaci\u00f3n de agua pluvial que se encuentra aproximadamente a 300\nmetros de la presa de jales del proyecto minero, y que fue construido para\nrecargar los mantos acu\u00edferos, present\u00f3 una coloraci\u00f3n rojiza. <\/p>\n\n\n\n<p>Previamente, en octubre de 2018, ya se hab\u00eda registrado un primer caso de contaminaci\u00f3n cuando se derram\u00f3 la presa de jales contaminando el arroyo \u201cEl Coyote\u201d, hecho que pese a las denuncias realizadas en su momento ante las instancias correspondientes, continua en la impunidad en la regi\u00f3n. <\/p>\n\n\n\n<figure class=\"wp-block-embed-twitter wp-block-embed is-type-rich is-provider-twitter\"><div class=\"wp-block-embed__wrapper\">\n<div class=\"twitter-tweet\"><blockquote class=\"twitter-tweet\" data-lang=\"es\"><p lang=\"es\" dir=\"ltr\"><a href=\"https:\/\/twitter.com\/hashtag\/ENVIVO?src=hash&amp;ref_src=twsrc%5Etfw\">#ENVIVO<\/a><br>Oaxaca de Ju\u00e1rez, Oax., 27 de julio de 2020.- Conferencia de prensa de organismos civiles y autoridades de Magdalena Ocotl\u00e1n, contra permisos otorgados al a minera Cuzcatl\u00e1n, San Jos\u00e9 del Progreso.<br><br>Aqu\u00ed la transmisi\u00f3n \ud83d\udc47<a href=\"https:\/\/t.co\/olEj6P3ckH\">https:\/\/t.co\/olEj6P3ckH<\/a> <a href=\"https:\/\/t.co\/ebbpBu09A7\">pic.twitter.com\/ebbpBu09A7<\/a><\/p>&mdash; Zona Roja Oaxaca (@MexRoja) <a href=\"https:\/\/twitter.com\/MexRoja\/status\/1287782639584178176?ref_src=twsrc%5Etfw\">27 de julio de 2020<\/a><\/blockquote><\/div>\n<\/div><\/figure>\n\n\n\n<p>Lejos de recibir alg\u00fan tipo de sanci\u00f3n\nla empresa ha presentado un nuevo permiso ambiental ante la Semarnat para la\ncontinuidad de la extracci\u00f3n de minerales en San Jos\u00e9 del Progreso, Ocotl\u00e1n, en\nel que expresa que su operaci\u00f3n no supone un riesgo para ninguno de los objetos\nde conservaci\u00f3n de estas \u00e1reas. <\/p>\n\n\n\n<p>Sin embargo, la poblaci\u00f3n no comparte\nlo expuesto en el documento y se\u00f1alan que han constatado que en los \u00faltimos\na\u00f1os se han registrado da\u00f1os irreparables al medio ambiente, particularmente en\nel agua, principal l\u00edquido para la supervivencia de la localidad que ha sido\ncontaminada en dos ocasiones. <\/p>\n\n\n\n<p>Por lo anterior rechazaron tajantemente\ncualquier actividad que tenga por objeto la explotaci\u00f3n de nuestros bienes\ncomunes y exigieron la intervenci\u00f3n de las autoridades estatal y federal dentro\nde ellas la Procuradur\u00eda Federal de Protecci\u00f3n al Ambiente para salvaguardar el\nmedio ambiente, la vida y la salud de quienes habitan en los lugares con\npresencia minera. <\/p>\n\n\n\n<p>A la exigencia se unieron otras comunidades y organizaciones en defensa del territorio y en contra de la miner\u00eda como: San Mat\u00edas Chilazoa, San Mart\u00edn de los Canseco, El Vergel, Los Ocotes, Santa Catarina Minas, San Dionisio Ocotepec, San Nicol\u00e1s Yaxe, Coordinadora de los Pueblos Unidos del Valle de Ocotl\u00e1n-San Jos\u00e9 del Progreso, Colectivo Oaxaque\u00f1o en Defensa de los Territorios: Servicios del Pueblo Mixe, SER A.C., Servicios para una Educaci\u00f3n Alternativa A.C. EDUCA; Uni\u00f3n de Organizaciones de la Sierra Ju\u00e1rez de Oaxaca, UNOSJO. <\/p>\n\n\n\n<figure class=\"wp-block-embed-twitter wp-block-embed is-type-rich is-provider-twitter\"><div class=\"wp-block-embed__wrapper\">\n<div class=\"twitter-tweet\"><blockquote class=\"twitter-tweet\" data-lang=\"es\"><p lang=\"es\" dir=\"ltr\"><a href=\"https:\/\/twitter.com\/hashtag\/%C3%9AltimoMinuto?src=hash&amp;ref_src=twsrc%5Etfw\">#\u00daltimoMinuto<\/a> <br>Una en\u00e9sima protesta de este lunes se realiz\u00f3 en la mana\u00f1a frente al Palacio de Gobierno, capital de Oaxaca, donde el <a href=\"https:\/\/twitter.com\/FPR_OAXACA?ref_src=twsrc%5Etfw\">@FPR_OAXACA<\/a> anunci\u00f3 movilizaciones por incumplimientos del <a href=\"https:\/\/twitter.com\/GobOax?ref_src=twsrc%5Etfw\">@GobOax<\/a>. <a href=\"https:\/\/t.co\/kcVDqDbvmz\">pic.twitter.com\/kcVDqDbvmz<\/a><\/p>&mdash; Zona Roja Oaxaca (@MexRoja) <a href=\"https:\/\/twitter.com\/MexRoja\/status\/1287783931597660160?ref_src=twsrc%5Etfw\">27 de julio de 2020<\/a><\/blockquote><\/div>\n<\/div><\/figure>\n\n\n\n<p>M\u00c1S PROTESTAS<\/p>\n\n\n\n<p>Por otra parte, integrantes del Frente\nPopular Revolucionario se pronunciaron este lunes en el z\u00f3calo de la capital para\nexigir a los gobiernos federal y estatal apoyos para cubrir los rubros de\nsalud, trabajo y alimentaci\u00f3n en comunidades marginadas que se han visto\nmayormente afectadas con la pandemia por Covid-19. <\/p>\n\n\n\n<p>Aunque su jornada de lucha inicio el\npasado 6 de julio, lamentaron que ninguna autoridad haya sabido hacerle frente\na la pandemia y por el contrario se sigan registrando contagios y decesos en la\nentidad y todo el pa\u00eds, por lo urgieron atenci\u00f3n puntual a las comunidades m\u00e1s\npobres.&nbsp; <\/p>\n\n\n\n<p>Mientras que integrantes de la Asamblea\nde Pueblos Ind\u00edgenas (API) y personas desplazadas de los parajes \u201cLomas del Qu\u00edo\u201d\ny \u201cLos Mangales\u201d en las inmediaciones de Santa Cruz Xoxocotl\u00e1n, desde noviembre\ndel a\u00f1o pasado, instalaron un \u201cplant\u00f3n\u201d a las afueras de Casa Oficial, cuya\nvialidad bloquearon, para demandar atenci\u00f3n a su principal demanda de\nreubicaci\u00f3n a un espacio digno para las familias que lo perdieron todo.&nbsp; <\/p>\n\n\n\n<p>\u201cEl gobierno no tiene que ocupar la\ncontingencia como pretexto, por el contrario, tiene que actuar de forma m\u00e1s\npuntual para dar atenci\u00f3n a las necesidades m\u00e1s apremiantes de quienes menos\ntienen\u201d, refirieron ante los medios de comunicaci\u00f3n.&nbsp; <\/p>\n","protected":false},"excerpt":{"rendered":"<p>Evlin Arag\u00f3n\/Zona Roja. Oaxaca de Ju\u00e1rez, Oax., 27 de julio de 2020.- Autoridades y habitante&hellip;<\/p>\n","protected":false},"author":2,"featured_media":15540,"comment_status":"closed","ping_status":"open","sticky":false,"template":"","format":"standard","meta":{"_lmt_disableupdate":"","_lmt_disable":"","_jetpack_memberships_contains_paid_content":false,"footnotes":""},"categories":[109,47],"tags":[1861,837],"class_list":["post-15539","post","type-post","status-publish","format-standard","has-post-thumbnail","hentry","category-minuto-a-minuto","category-zona-gris","tag-magdalena-ocotlan","tag-minera-cuzcatlan"],"jetpack_featured_media_url":"https:\/\/zonaroja.com.mx\/wp-content\/uploads\/2020\/07\/Conferencia-Magdalena-Ocotl\u00e1n.jpg","jetpack_sharing_enabled":true,"_links":{"self":[{"href":"https:\/\/zonaroja.com.mx\/index.php?rest_route=\/wp\/v2\/posts\/15539","targetHints":{"allow":["GET"]}}],"collection":[{"href":"https:\/\/zonaroja.com.mx\/index.php?rest_route=\/wp\/v2\/posts"}],"about":[{"href":"https:\/\/zonaroja.com.mx\/index.php?rest_route=\/wp\/v2\/types\/post"}],"author":[{"embeddable":true,"href":"https:\/\/zonaroja.com.mx\/index.php?rest_route=\/wp\/v2\/users\/2"}],"replies":[{"embeddable":true,"href":"https:\/\/zonaroja.com.mx\/index.php?rest_route=%2Fwp%2Fv2%2Fcomments&post=15539"}],"version-history":[{"count":1,"href":"https:\/\/zonaroja.com.mx\/index.php?rest_route=\/wp\/v2\/posts\/15539\/revisions"}],"predecessor-version":[{"id":15541,"href":"https:\/\/zonaroja.com.mx\/index.php?rest_route=\/wp\/v2\/posts\/15539\/revisions\/15541"}],"wp:featuredmedia":[{"embeddable":true,"href":"https:\/\/zonaroja.com.mx\/index.php?rest_route=\/wp\/v2\/media\/15540"}],"wp:attachment":[{"href":"https:\/\/zonaroja.com.mx\/index.php?rest_route=%2Fwp%2Fv2%2Fmedia&parent=15539"}],"wp:term":[{"taxonomy":"category","embeddable":true,"href":"https:\/\/zonaroja.com.mx\/index.php?rest_route=%2Fwp%2Fv2%2Fcategories&post=15539"},{"taxonomy":"post_tag","embeddable":true,"href":"https:\/\/zonaroja.com.mx\/index.php?rest_route=%2Fwp%2Fv2%2Ftags&post=15539"}],"curies":[{"name":"wp","href":"https:\/\/api.w.org\/{rel}","templated":true}]}}