{"id":1554,"date":"2019-06-07T17:09:05","date_gmt":"2019-06-07T22:09:05","guid":{"rendered":"http:\/\/www.zonaroja.com.mx\/?p=1554"},"modified":"2019-06-07T17:09:07","modified_gmt":"2019-06-07T22:09:07","slug":"enesimo-dia-de-multiples-asesinatos-en-oaxaca-hoy-tres-casos","status":"publish","type":"post","link":"https:\/\/zonaroja.com.mx\/?p=1554","title":{"rendered":"En\u00e9simo d\u00eda de m\u00faltiples asesinatos en Oaxaca; hoy tres casos"},"content":{"rendered":"\n<figure class=\"wp-block-image\"><img decoding=\"async\" width=\"1024\" height=\"614\" src=\"http:\/\/www.zonaroja.com.mx\/wp-content\/uploads\/2019\/06\/asesinatos-1024x614.jpg\" alt=\"\" class=\"wp-image-1555\" srcset=\"https:\/\/zonaroja.com.mx\/wp-content\/uploads\/2019\/06\/asesinatos-1024x614.jpg 1024w, https:\/\/zonaroja.com.mx\/wp-content\/uploads\/2019\/06\/asesinatos-300x180.jpg 300w, https:\/\/zonaroja.com.mx\/wp-content\/uploads\/2019\/06\/asesinatos-768x461.jpg 768w, https:\/\/zonaroja.com.mx\/wp-content\/uploads\/2019\/06\/asesinatos-1170x702.jpg 1170w, https:\/\/zonaroja.com.mx\/wp-content\/uploads\/2019\/06\/asesinatos-585x351.jpg 585w, https:\/\/zonaroja.com.mx\/wp-content\/uploads\/2019\/06\/asesinatos.jpg 1280w\" sizes=\"(max-width: 1024px) 100vw, 1024px\" \/><\/figure>\n\n\n\n<p>Redacci\u00f3n<\/p>\n\n\n\n<p>Oaxaca de\nJu\u00e1rez, Oax.-, 7 de junio de 2019.- Por quinto d\u00eda consecutivo, en Oaxaca se\nregistr\u00f3 un m\u00faltiple homicidio.<\/p>\n\n\n\n<p>De acuerdo\ncon informes policiales, este viernes dos personas fueron asesinadas por\ndisparos de armas de fuego en la regi\u00f3n de la Costa y en el Istmo de\nTehuantepec.<\/p>\n\n\n\n<p>Esta tarde,\nen un domicilio de la calle Rub\u00e9n Jaramillo de la Novena Secci\u00f3n de Juchit\u00e1n de\nZaragoza, fue ultimado un individuo de oficio panadero.<\/p>\n\n\n\n<p>Se trata de\nMariano Cruz Ferra, quien fue ultimado presuntamente por individuos que\narribaron a bordo de una motocicleta. La Polic\u00eda Municipal mont\u00f3 un operativo\nde b\u00fasqueda pero no ha localizado a los probables agresores.<\/p>\n\n\n\n<p>Mientras que\nen Pinotepa de Don Luis, fue ejecutado un joven de 23 a\u00f1os de edad, de nombre\nFrancisco, quien presenta varios disparos de armas de fuego.<\/p>\n\n\n\n<p>Otro crimen\nse cometi\u00f3 en camino a la agencia Agua Fr\u00eda del municipio coste\u00f1o de San Juan\nColorado, donde un hombre identificado como Daniel, de 37 a\u00f1os de edad, perdi\u00f3\nla vida a causa de disparos de arma de fuego.<\/p>\n\n\n\n<p>Este jueves\n6 de junio se cometieron tres homicidios, dos de ellos en mujeres, en el Istmo\ny la Mixteca; el mi\u00e9rcoles fueron cuatro asesinados, en la Mixteca y Valles\nCentrales.<\/p>\n\n\n\n<p>El martes 4\nde junio fueron ultimadas otras cuatro personas, entre ellas una menor de un\na\u00f1o y meses de edad, mientras que el lunes fueron cinco personas que perdieron\nla vida.<\/p>\n","protected":false},"excerpt":{"rendered":"<p>Redacci\u00f3n Oaxaca de Ju\u00e1rez, Oax.-, 7 de junio de 2019.- Por quinto d\u00eda consecutivo, en&hellip;<\/p>\n","protected":false},"author":2,"featured_media":0,"comment_status":"closed","ping_status":"open","sticky":false,"template":"","format":"standard","meta":{"_lmt_disableupdate":"","_lmt_disable":"","_jetpack_memberships_contains_paid_content":false,"footnotes":""},"categories":[1],"tags":[],"class_list":["post-1554","post","type-post","status-publish","format-standard","hentry","category-sin-categoria"],"jetpack_featured_media_url":"","jetpack_sharing_enabled":true,"_links":{"self":[{"href":"https:\/\/zonaroja.com.mx\/index.php?rest_route=\/wp\/v2\/posts\/1554","targetHints":{"allow":["GET"]}}],"collection":[{"href":"https:\/\/zonaroja.com.mx\/index.php?rest_route=\/wp\/v2\/posts"}],"about":[{"href":"https:\/\/zonaroja.com.mx\/index.php?rest_route=\/wp\/v2\/types\/post"}],"author":[{"embeddable":true,"href":"https:\/\/zonaroja.com.mx\/index.php?rest_route=\/wp\/v2\/users\/2"}],"replies":[{"embeddable":true,"href":"https:\/\/zonaroja.com.mx\/index.php?rest_route=%2Fwp%2Fv2%2Fcomments&post=1554"}],"version-history":[{"count":1,"href":"https:\/\/zonaroja.com.mx\/index.php?rest_route=\/wp\/v2\/posts\/1554\/revisions"}],"predecessor-version":[{"id":1556,"href":"https:\/\/zonaroja.com.mx\/index.php?rest_route=\/wp\/v2\/posts\/1554\/revisions\/1556"}],"wp:attachment":[{"href":"https:\/\/zonaroja.com.mx\/index.php?rest_route=%2Fwp%2Fv2%2Fmedia&parent=1554"}],"wp:term":[{"taxonomy":"category","embeddable":true,"href":"https:\/\/zonaroja.com.mx\/index.php?rest_route=%2Fwp%2Fv2%2Fcategories&post=1554"},{"taxonomy":"post_tag","embeddable":true,"href":"https:\/\/zonaroja.com.mx\/index.php?rest_route=%2Fwp%2Fv2%2Ftags&post=1554"}],"curies":[{"name":"wp","href":"https:\/\/api.w.org\/{rel}","templated":true}]}}