{"id":15542,"date":"2020-07-27T21:02:21","date_gmt":"2020-07-28T02:02:21","guid":{"rendered":"http:\/\/www.zonaroja.com.mx\/?p=15542"},"modified":"2020-07-27T21:02:25","modified_gmt":"2020-07-28T02:02:25","slug":"hemos-sobrevivido-como-hemos-podido-senor-gobernador-basta-de-enganos","status":"publish","type":"post","link":"https:\/\/zonaroja.com.mx\/?p=15542","title":{"rendered":"\u201cHemos sobrevivido como hemos podido\u2026 se\u00f1or gobernador, basta de enga\u00f1os\u201d"},"content":{"rendered":"\n<p>Yuridiana Sosa\/Zona Roja.<\/p>\n\n\n\n<p>Oaxaca de Ju\u00e1rez, Oax., 27 de julio de\n2020.- El coraje e impotencia se escucha fuerte. Aquel violento 19 de noviembre\nde 2019 est\u00e1 presente cada d\u00eda desde hace ocho meses para don Alberto y sus\nvecinos desalojados del paraje de Loma de Quio, en Santa Cruz Xoxocotl\u00e1n.<\/p>\n\n\n\n<p>\u201cLlegaron con balas, con armas a\ndesalojarnos de lo que legalmente nos correspondi\u00f3; ya basta de enga\u00f1os, usted\n(gobernador) se comprometi\u00f3 a reubicarnos\u201d, reclama don Alberto, desde un\nmicr\u00f3fono durante la protesta que este lunes los desplazados realizaron frente\na Casa oficial, en la capital del estado.<\/p>\n\n\n\n<p>A m\u00e1s de ocho meses, decenas de\nfamilias siguen sin viviendas luego que estas fueran quemadas y destruidas por\nun conflicto de tierras por parte del Comisariado de Bienes Comunales. <\/p>\n\n\n\n<p>Son familias asentadas en los parajes\nconocidos como \u201cEl Coquito\u201d, \u201cLos M\u00e1ngales\u201d y \u201cLomas de Qu\u00edo\u201d de Santa Cruz\nXoxocotl\u00e1n.<\/p>\n\n\n\n<p>Don Alberto no soporta m\u00e1s la zozobra sobre su patrimonio, el que anhela volver a tener y el que el gobierno del estado se ha comprometido a devolver.<\/p>\n\n\n\n<figure class=\"wp-block-embed-twitter wp-block-embed is-type-rich is-provider-twitter\"><div class=\"wp-block-embed__wrapper\">\n<div class=\"twitter-tweet\"><blockquote class=\"twitter-tweet\" data-lang=\"es\"><p lang=\"es\" dir=\"ltr\"><a href=\"https:\/\/twitter.com\/hashtag\/ENVIVO?src=hash&amp;ref_src=twsrc%5Etfw\">#ENVIVO<\/a><br>Oaxaca de Ju\u00e1rez, Oax., 27 de julio de 2020.- Integrantes de la Asamblea de Pueblos Ind\u00edgenas y desplazados de parajes de Santa Cruz Xoxocotl\u00e1n, bloquean Casa Oficial de Gobierno.<br><br>Aqu\u00ed la transmisi\u00f3n \ud83d\udc47<a href=\"https:\/\/t.co\/jmTTPUwSHc\">https:\/\/t.co\/jmTTPUwSHc<\/a> <a href=\"https:\/\/t.co\/fDIFXYNTKK\">pic.twitter.com\/fDIFXYNTKK<\/a><\/p>&mdash; Zona Roja Oaxaca (@MexRoja) <a href=\"https:\/\/twitter.com\/MexRoja\/status\/1287795857941831680?ref_src=twsrc%5Etfw\">27 de julio de 2020<\/a><\/blockquote><\/div>\n<\/div><\/figure>\n\n\n\n<p>\u201cMe robaron, yo no llegu\u00e9 de\nparacaidista, aun as\u00ed, me despojaron de todo. De todo lo que me cost\u00f3 trabajo\u201d,\nargumenta uno de los m\u00e1s de 100 afectados con el violento desalojo en el que\nuna persona perdi\u00f3 la vida.<\/p>\n\n\n\n<p>Con las fotos de su casa ardiendo en\nllamas, el hombre da testimonio de la desgracia que sufri\u00f3, pero tambi\u00e9n de la\nque a\u00fan vive, sin hogar, sin trabajo, sin comida suficiente para su familia.\nCrisis que empeor\u00f3 con la pandemia del Covid-19.<\/p>\n\n\n\n<p>El reclamo es claro. \u201cSe\u00f1or gobernador\n(Alejandro Murat), yo no vengo a pedirle nada que no sea m\u00edo, no vengo a\nexigirle nada que no me haya costado, yo lo \u00fanico que quiero es recuperar lo\nque tanto trabajo y tanto esfuerzo me cost\u00f3, y a todos mis compa\u00f1eros. Nadie es\nparacaidista\u201d.<\/p>\n\n\n\n<p>El pedazo de tierra en el que\nconstruyeron sus modestas casas, la mayor\u00eda aun de l\u00e1minas y madera, les cost\u00f3\ndinero, asegur\u00f3 el hombre.<\/p>\n\n\n\n<p>Ahora, dice, \u201chemos tenido que\nsobrevivir a como hemos podido, una despensa no nos alcanza, no es suficiente,\nse\u00f1or gobernador, que es lo que quiere, \u00bfexterminarnos?\u201d, afirma el padre de\nfamilia.<\/p>\n\n\n\n<p>Este lunes, los desplazados de\nXoxocotl\u00e1n, respaldados por la Asamblea de los Pueblos Ind\u00edgenas (API), se\ninstalaron en un \u201cplant\u00f3n\u201d indefinido frente a Casa Oficial, sobre la avenida\nJu\u00e1rez, en el Centro Hist\u00f3rico.<\/p>\n\n\n\n<p>Las medidas sanitarias, la sana\ndistancia, el sem\u00e1foro en rojo por el incremento de contagios de Covid, es lo\nde menos para las familias que han peregrinado en conseguir un hogar o que han\npernoctado desde hace varios meses afuera del Palacio de Gobierno en busca de\nuna soluci\u00f3n sus peticiones.<\/p>\n\n\n\n<p>Con la promesa de un techo, alimentos y\ncobijo, fueron retirados de la calle de Bustamante hace algunos meses. <\/p>\n\n\n\n<p>Pero hoy, la apat\u00eda de la Fiscal\u00eda\nGeneral del Estado y de la Secretar\u00eda General del Estado para que retornen a\nsus terrenos, los tiene de nuevo en la calle.<\/p>\n","protected":false},"excerpt":{"rendered":"<p>Yuridiana Sosa\/Zona Roja. Oaxaca de Ju\u00e1rez, Oax., 27 de julio de 2020.- El coraje e&hellip;<\/p>\n","protected":false},"author":2,"featured_media":15543,"comment_status":"closed","ping_status":"open","sticky":false,"template":"","format":"standard","meta":{"_lmt_disableupdate":"","_lmt_disable":"","_jetpack_memberships_contains_paid_content":false,"footnotes":""},"categories":[109,47],"tags":[133],"class_list":["post-15542","post","type-post","status-publish","format-standard","has-post-thumbnail","hentry","category-minuto-a-minuto","category-zona-gris","tag-santa-cruz-xoxocotlan"],"jetpack_featured_media_url":"https:\/\/zonaroja.com.mx\/wp-content\/uploads\/2020\/07\/Desplazados-Xoxocotl\u00e1n.png","jetpack_sharing_enabled":true,"_links":{"self":[{"href":"https:\/\/zonaroja.com.mx\/index.php?rest_route=\/wp\/v2\/posts\/15542","targetHints":{"allow":["GET"]}}],"collection":[{"href":"https:\/\/zonaroja.com.mx\/index.php?rest_route=\/wp\/v2\/posts"}],"about":[{"href":"https:\/\/zonaroja.com.mx\/index.php?rest_route=\/wp\/v2\/types\/post"}],"author":[{"embeddable":true,"href":"https:\/\/zonaroja.com.mx\/index.php?rest_route=\/wp\/v2\/users\/2"}],"replies":[{"embeddable":true,"href":"https:\/\/zonaroja.com.mx\/index.php?rest_route=%2Fwp%2Fv2%2Fcomments&post=15542"}],"version-history":[{"count":1,"href":"https:\/\/zonaroja.com.mx\/index.php?rest_route=\/wp\/v2\/posts\/15542\/revisions"}],"predecessor-version":[{"id":15544,"href":"https:\/\/zonaroja.com.mx\/index.php?rest_route=\/wp\/v2\/posts\/15542\/revisions\/15544"}],"wp:featuredmedia":[{"embeddable":true,"href":"https:\/\/zonaroja.com.mx\/index.php?rest_route=\/wp\/v2\/media\/15543"}],"wp:attachment":[{"href":"https:\/\/zonaroja.com.mx\/index.php?rest_route=%2Fwp%2Fv2%2Fmedia&parent=15542"}],"wp:term":[{"taxonomy":"category","embeddable":true,"href":"https:\/\/zonaroja.com.mx\/index.php?rest_route=%2Fwp%2Fv2%2Fcategories&post=15542"},{"taxonomy":"post_tag","embeddable":true,"href":"https:\/\/zonaroja.com.mx\/index.php?rest_route=%2Fwp%2Fv2%2Ftags&post=15542"}],"curies":[{"name":"wp","href":"https:\/\/api.w.org\/{rel}","templated":true}]}}