{"id":15545,"date":"2020-07-27T21:11:27","date_gmt":"2020-07-28T02:11:27","guid":{"rendered":"http:\/\/www.zonaroja.com.mx\/?p=15545"},"modified":"2020-07-27T21:11:32","modified_gmt":"2020-07-28T02:11:32","slug":"normalistas-rechazan-reprobar-semestre-y-exigen-reconocimiento-de-semestre","status":"publish","type":"post","link":"https:\/\/zonaroja.com.mx\/?p=15545","title":{"rendered":"Normalistas rechazan reprobar semestre y exigen reconocimiento de semestre"},"content":{"rendered":"\n<p>Yuridiana Sosa\/Zona Roja.<\/p>\n\n\n\n<p>Oaxaca de Ju\u00e1rez, Oax., 27 de julio de\n2020.-&nbsp; Estudiantes del Centro Regional\nde Educaci\u00f3n Normal de Oaxaca (CRENO) se manifestaron para exigir al Instituto\nEstatal de Educaci\u00f3n P\u00fablica de Oaxaca (IEEPO) el reconocimiento del semestre\nreci\u00e9n cursado, luego que la dependencia se\u00f1al\u00f3 que no valid\u00f3 los estudios\ncorrespondientes.<\/p>\n\n\n\n<p>Los normalistas aseguraron que\ntrabajaron seg\u00fan las indicaciones otorgadas por sus profesores, ocupando\nplataformas como Whatsapp, debido a que es una de las m\u00e1s accesibles para los\nestudiantes que radican en comunidades, as\u00ed como otras estrategias que no\nprecisaron.<\/p>\n\n\n\n<p>El semestre que no fue reconocido por la Unidad de Educaci\u00f3n Normal y Formaci\u00f3n de Docentes del Instituto, para el CRENO y a la Escuela Normal de Educaci\u00f3n Preescolar de Oaxaca (ENEPO), corresponde a febrero- julio.<\/p>\n\n\n\n<figure class=\"wp-block-embed-twitter wp-block-embed is-type-rich is-provider-twitter\"><div class=\"wp-block-embed__wrapper\">\n<div class=\"twitter-tweet\"><blockquote class=\"twitter-tweet\" data-lang=\"es\"><p lang=\"es\" dir=\"ltr\"><a href=\"https:\/\/twitter.com\/hashtag\/%C3%9AltimaHora?src=hash&amp;ref_src=twsrc%5Etfw\">#\u00daltimaHora<\/a> <br>Esta tarde en conferencia de prensa, alumnos del Centro Regional de Educaci\u00f3n Normal de Oaxaca (CRENO) reiteraron el se\u00f1alamiento contra el <a href=\"https:\/\/twitter.com\/IEEPOGobOax?ref_src=twsrc%5Etfw\">@IEEPOGobOax<\/a>, de reprobarlos del semestre, sin darles otras opciones ante la pandemia del Covid. <a href=\"https:\/\/t.co\/wOJIFYDb3g\">pic.twitter.com\/wOJIFYDb3g<\/a><\/p>&mdash; Zona Roja Oaxaca (@MexRoja) <a href=\"https:\/\/twitter.com\/MexRoja\/status\/1287890969103278080?ref_src=twsrc%5Etfw\">27 de julio de 2020<\/a><\/blockquote><\/div>\n<\/div><\/figure>\n\n\n\n<p>Por la contingencia por Covid-19, las\nclases se suspendieron a finales del mes de marzo, a solo un mes de comenzar el\nnuevo semestre, mismo que lo cursaron en las medidas de sus posibilidades,\nindicaron en conferencia de prensa.<\/p>\n\n\n\n<p>Los estudiantes se\u00f1alaron que desde el\ninicio de la contingencia se opusieron al sistema de educaci\u00f3n a distancia que\nplante\u00f3 la Secretar\u00eda de Educaci\u00f3n P\u00fablica (SEP) a trav\u00e9s de plataformas\ndigitales, para lo que propusieron que se llevara a cabo por medio de Whatsapp.<\/p>\n\n\n\n<p>As\u00ed tambi\u00e9n, se manifestaron contra el\nexamen de admisi\u00f3n en l\u00ednea, pues consideraron es un \u201cataque\u201d a los futuros\nnormalistas, por lo que demandaron se aplique de forma presencial, con las\nmedidas correspondientes por la contingencia.<\/p>\n","protected":false},"excerpt":{"rendered":"<p>Yuridiana Sosa\/Zona Roja. Oaxaca de Ju\u00e1rez, Oax., 27 de julio de 2020.-&nbsp; Estudiantes del Centro&hellip;<\/p>\n","protected":false},"author":2,"featured_media":15546,"comment_status":"closed","ping_status":"open","sticky":false,"template":"","format":"standard","meta":{"_lmt_disableupdate":"","_lmt_disable":"","_jetpack_memberships_contains_paid_content":false,"footnotes":""},"categories":[109,47],"tags":[1862,599],"class_list":["post-15545","post","type-post","status-publish","format-standard","has-post-thumbnail","hentry","category-minuto-a-minuto","category-zona-gris","tag-centro-regional-de-educacion-normal-de-oaxaca-creno","tag-instituto-estatal-de-educacion-publica-de-oaxaca"],"jetpack_featured_media_url":"https:\/\/zonaroja.com.mx\/wp-content\/uploads\/2020\/07\/Conferencia-CRENO.jpg","jetpack_sharing_enabled":true,"_links":{"self":[{"href":"https:\/\/zonaroja.com.mx\/index.php?rest_route=\/wp\/v2\/posts\/15545","targetHints":{"allow":["GET"]}}],"collection":[{"href":"https:\/\/zonaroja.com.mx\/index.php?rest_route=\/wp\/v2\/posts"}],"about":[{"href":"https:\/\/zonaroja.com.mx\/index.php?rest_route=\/wp\/v2\/types\/post"}],"author":[{"embeddable":true,"href":"https:\/\/zonaroja.com.mx\/index.php?rest_route=\/wp\/v2\/users\/2"}],"replies":[{"embeddable":true,"href":"https:\/\/zonaroja.com.mx\/index.php?rest_route=%2Fwp%2Fv2%2Fcomments&post=15545"}],"version-history":[{"count":1,"href":"https:\/\/zonaroja.com.mx\/index.php?rest_route=\/wp\/v2\/posts\/15545\/revisions"}],"predecessor-version":[{"id":15547,"href":"https:\/\/zonaroja.com.mx\/index.php?rest_route=\/wp\/v2\/posts\/15545\/revisions\/15547"}],"wp:featuredmedia":[{"embeddable":true,"href":"https:\/\/zonaroja.com.mx\/index.php?rest_route=\/wp\/v2\/media\/15546"}],"wp:attachment":[{"href":"https:\/\/zonaroja.com.mx\/index.php?rest_route=%2Fwp%2Fv2%2Fmedia&parent=15545"}],"wp:term":[{"taxonomy":"category","embeddable":true,"href":"https:\/\/zonaroja.com.mx\/index.php?rest_route=%2Fwp%2Fv2%2Fcategories&post=15545"},{"taxonomy":"post_tag","embeddable":true,"href":"https:\/\/zonaroja.com.mx\/index.php?rest_route=%2Fwp%2Fv2%2Ftags&post=15545"}],"curies":[{"name":"wp","href":"https:\/\/api.w.org\/{rel}","templated":true}]}}