{"id":15548,"date":"2020-07-27T21:30:40","date_gmt":"2020-07-28T02:30:40","guid":{"rendered":"http:\/\/www.zonaroja.com.mx\/?p=15548"},"modified":"2020-07-27T21:30:44","modified_gmt":"2020-07-28T02:30:44","slug":"inicia-segunda-semana-en-semaforo-rojo-con-164-nuevos-casos-de-covid","status":"publish","type":"post","link":"https:\/\/zonaroja.com.mx\/?p=15548","title":{"rendered":"Inicia segunda semana en sem\u00e1foro rojo con 164 nuevos casos de Covid"},"content":{"rendered":"\n<p>Redacci\u00f3n\/Zona Roja.<\/p>\n\n\n\n<p>Oaxaca de Ju\u00e1rez, Oax. 27 de julio de\n2020.- Al corte epidemiol\u00f3gico de este lunes 27 de julio, se han contabilizado\n164 casos nuevos de Covid-19, que suman nueve mil 928 casos confirmados\nacumulados desde el inicio de la pandemia.<\/p>\n\n\n\n<p>De acuerdo con los Servicios de Salud\nde Oaxaca (SSO), se han notificado 15 mil 113 casos, de los cuales cuatro mil\n312 son negativos, 873 son sospechosos en espera de resultados por laboratorio,\nocho mil 442 se han recuperado, y lamentablemente se confirman tres decesos,\nque suman 887 defunciones; hay 599 casos activos.<\/p>\n\n\n\n<p>La Jurisdicci\u00f3n Sanitaria n\u00famero uno Valles Centrales registra seis mil 499 casos confirmados y 452 defunciones, Tuxtepec mil 380 y 200 defunciones, el Istmo 934 y 119 defunciones, Mixteca 563 y 52 defunciones, Costa 383 y 36 defunciones, y la Sierra (Norte) 169 y 28 defunciones.<\/p>\n\n\n\n<figure class=\"wp-block-embed-twitter wp-block-embed is-type-rich is-provider-twitter\"><div class=\"wp-block-embed__wrapper\">\n<div class=\"twitter-tweet\"><blockquote class=\"twitter-tweet\" data-lang=\"es\"><p lang=\"es\" dir=\"ltr\">Ay\u00fadanos a mitigar los contagios de <a href=\"https:\/\/twitter.com\/hashtag\/COVID19?src=hash&amp;ref_src=twsrc%5Etfw\">#COVID19<\/a>: l\u00e1vate las manos frecuentemente, desinfecta espacios de uso com\u00fan, si debes salir de tu casa utiliza <a href=\"https:\/\/twitter.com\/hashtag\/Cubrebocas?src=hash&amp;ref_src=twsrc%5Etfw\">#Cubrebocas<\/a> y mant\u00e9n <a href=\"https:\/\/twitter.com\/hashtag\/SanaDistancia?src=hash&amp;ref_src=twsrc%5Etfw\">#SanaDistancia<\/a>.<br><br>Si trabajamos juntos y responsablemente, cuidamos la <a href=\"https:\/\/twitter.com\/hashtag\/Salud?src=hash&amp;ref_src=twsrc%5Etfw\">#Salud<\/a> de todas y todos. <a href=\"https:\/\/t.co\/ljV4ciHIum\">pic.twitter.com\/ljV4ciHIum<\/a><\/p>&mdash; Servicios de Salud (@SSO_GobOax) <a href=\"https:\/\/twitter.com\/SSO_GobOax\/status\/1287924550357794816?ref_src=twsrc%5Etfw\">28 de julio de 2020<\/a><\/blockquote><\/div>\n<\/div><\/figure>\n\n\n\n<p>Los 164 casos nuevos se encuentran\ndistribuidos en 46 municipios, siendo lo que mayor n\u00famero presentan, Oaxaca de\nJu\u00e1rez con 32, San Juan Bautista Tuxtepec con 18, Salina Cruz y Juchit\u00e1n de\nZaragoza nueve cada uno, Santa Cruz Xoxocotl\u00e1n y Mat\u00edas Romero Avenda\u00f1o siete\ncada uno, Huajuapan de Le\u00f3n y Miahuatl\u00e1n de Porfirio D\u00edaz seis cada uno, el\nresto cinco, cuatro, tres, dos y uno.<\/p>\n\n\n\n<p>De acuerdo con un comunicado de la dependencia,\nde los casos confirmados, 556 son m\u00e9dicos, 722 es personal de enfermer\u00eda y 497\notros trabajadores del sector.<\/p>\n\n\n\n<p>De los 599 casos activos, la\nJurisdicci\u00f3n Sanitaria n\u00famero uno Valles Centrales notific\u00f3 365, Tuxtepec 78,\nMixteca 72, Istmo 47, Costa 30, y la Sierra siete.<\/p>\n","protected":false},"excerpt":{"rendered":"<p>Redacci\u00f3n\/Zona Roja. Oaxaca de Ju\u00e1rez, Oax. 27 de julio de 2020.- Al corte epidemiol\u00f3gico de&hellip;<\/p>\n","protected":false},"author":2,"featured_media":15549,"comment_status":"closed","ping_status":"open","sticky":false,"template":"","format":"standard","meta":{"_lmt_disableupdate":"","_lmt_disable":"","_jetpack_memberships_contains_paid_content":false,"footnotes":""},"categories":[109,47],"tags":[1512],"class_list":["post-15548","post","type-post","status-publish","format-standard","has-post-thumbnail","hentry","category-minuto-a-minuto","category-zona-gris","tag-coronavirus-oaxaca"],"jetpack_featured_media_url":"https:\/\/zonaroja.com.mx\/wp-content\/uploads\/2020\/07\/Covid-27jul.jpg","jetpack_sharing_enabled":true,"_links":{"self":[{"href":"https:\/\/zonaroja.com.mx\/index.php?rest_route=\/wp\/v2\/posts\/15548","targetHints":{"allow":["GET"]}}],"collection":[{"href":"https:\/\/zonaroja.com.mx\/index.php?rest_route=\/wp\/v2\/posts"}],"about":[{"href":"https:\/\/zonaroja.com.mx\/index.php?rest_route=\/wp\/v2\/types\/post"}],"author":[{"embeddable":true,"href":"https:\/\/zonaroja.com.mx\/index.php?rest_route=\/wp\/v2\/users\/2"}],"replies":[{"embeddable":true,"href":"https:\/\/zonaroja.com.mx\/index.php?rest_route=%2Fwp%2Fv2%2Fcomments&post=15548"}],"version-history":[{"count":1,"href":"https:\/\/zonaroja.com.mx\/index.php?rest_route=\/wp\/v2\/posts\/15548\/revisions"}],"predecessor-version":[{"id":15550,"href":"https:\/\/zonaroja.com.mx\/index.php?rest_route=\/wp\/v2\/posts\/15548\/revisions\/15550"}],"wp:featuredmedia":[{"embeddable":true,"href":"https:\/\/zonaroja.com.mx\/index.php?rest_route=\/wp\/v2\/media\/15549"}],"wp:attachment":[{"href":"https:\/\/zonaroja.com.mx\/index.php?rest_route=%2Fwp%2Fv2%2Fmedia&parent=15548"}],"wp:term":[{"taxonomy":"category","embeddable":true,"href":"https:\/\/zonaroja.com.mx\/index.php?rest_route=%2Fwp%2Fv2%2Fcategories&post=15548"},{"taxonomy":"post_tag","embeddable":true,"href":"https:\/\/zonaroja.com.mx\/index.php?rest_route=%2Fwp%2Fv2%2Ftags&post=15548"}],"curies":[{"name":"wp","href":"https:\/\/api.w.org\/{rel}","templated":true}]}}