{"id":15551,"date":"2020-07-27T21:40:07","date_gmt":"2020-07-28T02:40:07","guid":{"rendered":"http:\/\/www.zonaroja.com.mx\/?p=15551"},"modified":"2020-07-27T23:23:48","modified_gmt":"2020-07-28T04:23:48","slug":"en-tlaxiaco-una-adolescente-salio-a-cuidar-a-sus-animales-y-la-hallan-muerta","status":"publish","type":"post","link":"https:\/\/zonaroja.com.mx\/?p=15551","title":{"rendered":"En Tlaxiaco, mueren una adolescente; en el Istmo ejecutan a dos"},"content":{"rendered":"\n<p>Redacci\u00f3n\/Zona Roja.<\/p>\n\n\n\n<p>Oaxaca de Ju\u00e1rez, Oax., 27 de julio de\n2020.- Una adolescente de 15 a\u00f1os de edad, sali\u00f3 a cuidar a sus animales al\ncampo, ayer por la tarde, en la Heroica Ciudad de Tlaxiaco, municipio de la\nregi\u00f3n Mixteca de Oaxaca.<\/p>\n\n\n\n<p>Sin embargo, despu\u00e9s de las 19:00\nhoras, al no regresar a casa, su familiar pidi\u00f3 ayuda de las autoridades\nmunicipales.<\/p>\n\n\n\n<p>Fue la propia abuela de la adolescente,\ncon quien viv\u00eda, quien sali\u00f3 a buscarla por la noche y la hall\u00f3 muerta, en una\ncasa abandonada en la comunidad de Los Blancos.<\/p>\n\n\n\n<p>Personal del \u00e1rea de Violencia Contra\nla Mujer por Raz\u00f3n de G\u00e9nero de la Fiscal\u00eda General del Estado arrib\u00f3 al lugar alrededor\nde las 00:59 horas de este lunes, para realizar el acordonamiento del \u00e1rea.<\/p>\n\n\n\n<p>As\u00ed mismo acudi\u00f3 el personal de criminal\u00edstica,\nperito qu\u00edmico y perito m\u00e9dico, que realizaron las indagatorias, tras lo cual a\nlas 02:57 horas se orden\u00f3 el levantamiento del cuerpo.<\/p>\n\n\n\n<p>Aunque no hay reporte oficial de las causas de la muerte de la adolescente, que viv\u00eda con su abuela, se revel\u00f3 que por una enfermedad que padec\u00eda.<\/p>\n\n\n\n<p>EN EL ISTMO<\/p>\n\n\n\n<p>Por otra parte, esta noche fueron ejecutadas dos personas del sexo masculino, en Santo Domingo Petapa, municipio de la regi\u00f3n del Istmo de Tehuantepec. <\/p>\n\n\n\n<p>Presuntamente fueron sacados con violencia de sus domicilios y asesinados a balazos a las afueras de la poblaci\u00f3n. <\/p>\n\n\n\n<p>Una de las v\u00edctimas fue identificada como Armando R. S. y Oliver D.,; el cuerpo de este \u00faltimo fue levantado por sus propios familiares. <\/p>\n","protected":false},"excerpt":{"rendered":"<p>Redacci\u00f3n\/Zona Roja. Oaxaca de Ju\u00e1rez, Oax., 27 de julio de 2020.- Una adolescente de 15&hellip;<\/p>\n","protected":false},"author":2,"featured_media":1699,"comment_status":"closed","ping_status":"open","sticky":false,"template":"","format":"standard","meta":{"_lmt_disableupdate":"","_lmt_disable":"","_jetpack_memberships_contains_paid_content":false,"footnotes":""},"categories":[109,51],"tags":[643],"class_list":["post-15551","post","type-post","status-publish","format-standard","has-post-thumbnail","hentry","category-minuto-a-minuto","category-zona-roja","tag-heroica-ciudad-de-tlaxiaco"],"jetpack_featured_media_url":"https:\/\/zonaroja.com.mx\/wp-content\/uploads\/2019\/06\/MUJERES-600x390.jpg","jetpack_sharing_enabled":true,"_links":{"self":[{"href":"https:\/\/zonaroja.com.mx\/index.php?rest_route=\/wp\/v2\/posts\/15551","targetHints":{"allow":["GET"]}}],"collection":[{"href":"https:\/\/zonaroja.com.mx\/index.php?rest_route=\/wp\/v2\/posts"}],"about":[{"href":"https:\/\/zonaroja.com.mx\/index.php?rest_route=\/wp\/v2\/types\/post"}],"author":[{"embeddable":true,"href":"https:\/\/zonaroja.com.mx\/index.php?rest_route=\/wp\/v2\/users\/2"}],"replies":[{"embeddable":true,"href":"https:\/\/zonaroja.com.mx\/index.php?rest_route=%2Fwp%2Fv2%2Fcomments&post=15551"}],"version-history":[{"count":2,"href":"https:\/\/zonaroja.com.mx\/index.php?rest_route=\/wp\/v2\/posts\/15551\/revisions"}],"predecessor-version":[{"id":15553,"href":"https:\/\/zonaroja.com.mx\/index.php?rest_route=\/wp\/v2\/posts\/15551\/revisions\/15553"}],"wp:featuredmedia":[{"embeddable":true,"href":"https:\/\/zonaroja.com.mx\/index.php?rest_route=\/wp\/v2\/media\/1699"}],"wp:attachment":[{"href":"https:\/\/zonaroja.com.mx\/index.php?rest_route=%2Fwp%2Fv2%2Fmedia&parent=15551"}],"wp:term":[{"taxonomy":"category","embeddable":true,"href":"https:\/\/zonaroja.com.mx\/index.php?rest_route=%2Fwp%2Fv2%2Fcategories&post=15551"},{"taxonomy":"post_tag","embeddable":true,"href":"https:\/\/zonaroja.com.mx\/index.php?rest_route=%2Fwp%2Fv2%2Ftags&post=15551"}],"curies":[{"name":"wp","href":"https:\/\/api.w.org\/{rel}","templated":true}]}}