{"id":15554,"date":"2020-07-28T07:56:01","date_gmt":"2020-07-28T12:56:01","guid":{"rendered":"http:\/\/www.zonaroja.com.mx\/?p=15554"},"modified":"2020-07-28T07:56:04","modified_gmt":"2020-07-28T12:56:04","slug":"el-54-9-de-mexicanos-no-tiene-acceso-a-la-canasta-basica","status":"publish","type":"post","link":"https:\/\/zonaroja.com.mx\/?p=15554","title":{"rendered":"El 54.9% de mexicanos no tiene acceso a la canasta b\u00e1sica"},"content":{"rendered":"\n<p>Redacci\u00f3n\/Zona Roja Cdmx.<\/p>\n\n\n\n<p>Ciudad de M\u00e9xico, 28 de julio de 2020.-\nLa poblaci\u00f3n en pobreza laboral aument\u00f3 de 35.7 por ciento en el primer\ntrimestre a 54.9 por ciento en mayo, debido a los miles de despidos y las\nreducciones salariales que realizaron las empresas para enfrentar la pandemia\ndel coronavirus.<\/p>\n\n\n\n<p>De acuerdo con los resultados del\nConsejo Nacional de Evaluaci\u00f3n de la Pol\u00edtica de Desarrollo Social (Coneval),\ntan s\u00f3lo de abril a mayo, el ingreso laboral de los mexicanos disminuy\u00f3 6.2 por\nciento, al pasar de mil 516.93 a mil 422.24 pesos.<\/p>\n\n\n\n<p>Una persona se encuentra en pobreza\nlaboral cuando el ingreso generado por su trabajo es inferior al costo de la\ncanasta alimentaria.<\/p>\n\n\n\n<p>C\u00e9sar Salazar, analista del Instituto\nde Investigaciones Econ\u00f3micas de la UNAM, afirm\u00f3 que el incremento de la\npobreza laboral obedece a la p\u00e9rdida de 1.1 millones de empleos formales de\nmarzo a junio, as\u00ed como a la \u201cfuerte\u201d precarizaci\u00f3n en el sector informal, la\ncual se profundiz\u00f3 con el COVID-19.<\/p>\n\n\n\n<p>\u201cEl mercado laboral tiene un problema\nestructural que se agudiz\u00f3 con los efectos de la pandemia y es posible que\nalgunos da\u00f1os sean permanentes\u201d, alert\u00f3 el especialista.<\/p>\n\n\n\n<p>En M\u00e9xico hay 15.7 millones de personas\nsin empleo y 46 por ciento de los trabajadores sufri\u00f3 una disminuci\u00f3n de su\nsalario, seg\u00fan datos del Instituto Nacional de Estad\u00edstica y Geograf\u00eda (Inegi).<\/p>\n\n\n\n<p>\u201cLamentablemente, esta crisis va a\ndejar cicatrices duraderas en las condiciones del mercado laboral, lo que se va\na reflejar en un menor consumo\u201d, se\u00f1al\u00f3 Citibanamex en el reporte \u201cExamen de la\nsituaci\u00f3n econ\u00f3mica de M\u00e9xico\u201d.<\/p>\n\n\n\n<p>De acuerdo con estimaciones de Banxico,\nen 2020 se van a perder hasta 1.4 millones de empleos, aunque algunos analistas\nhablan de hasta dos millones.<\/p>\n\n\n\n<p>(Informaci\u00f3n del diario \u201cEl Heraldo de\nM\u00e9xico\u201d)<\/p>\n","protected":false},"excerpt":{"rendered":"<p>Redacci\u00f3n\/Zona Roja Cdmx. Ciudad de M\u00e9xico, 28 de julio de 2020.- La poblaci\u00f3n en pobreza&hellip;<\/p>\n","protected":false},"author":2,"featured_media":15555,"comment_status":"closed","ping_status":"open","sticky":false,"template":"","format":"standard","meta":{"_lmt_disableupdate":"","_lmt_disable":"","_jetpack_memberships_contains_paid_content":false,"footnotes":""},"categories":[109,47],"tags":[1863],"class_list":["post-15554","post","type-post","status-publish","format-standard","has-post-thumbnail","hentry","category-minuto-a-minuto","category-zona-gris","tag-consejo-nacional-de-evaluacion-de-la-politica-de-desarrollo-social-coneval"],"jetpack_featured_media_url":"https:\/\/zonaroja.com.mx\/wp-content\/uploads\/2020\/07\/Canasta-b\u00e1sica.jpg","jetpack_sharing_enabled":true,"_links":{"self":[{"href":"https:\/\/zonaroja.com.mx\/index.php?rest_route=\/wp\/v2\/posts\/15554","targetHints":{"allow":["GET"]}}],"collection":[{"href":"https:\/\/zonaroja.com.mx\/index.php?rest_route=\/wp\/v2\/posts"}],"about":[{"href":"https:\/\/zonaroja.com.mx\/index.php?rest_route=\/wp\/v2\/types\/post"}],"author":[{"embeddable":true,"href":"https:\/\/zonaroja.com.mx\/index.php?rest_route=\/wp\/v2\/users\/2"}],"replies":[{"embeddable":true,"href":"https:\/\/zonaroja.com.mx\/index.php?rest_route=%2Fwp%2Fv2%2Fcomments&post=15554"}],"version-history":[{"count":1,"href":"https:\/\/zonaroja.com.mx\/index.php?rest_route=\/wp\/v2\/posts\/15554\/revisions"}],"predecessor-version":[{"id":15556,"href":"https:\/\/zonaroja.com.mx\/index.php?rest_route=\/wp\/v2\/posts\/15554\/revisions\/15556"}],"wp:featuredmedia":[{"embeddable":true,"href":"https:\/\/zonaroja.com.mx\/index.php?rest_route=\/wp\/v2\/media\/15555"}],"wp:attachment":[{"href":"https:\/\/zonaroja.com.mx\/index.php?rest_route=%2Fwp%2Fv2%2Fmedia&parent=15554"}],"wp:term":[{"taxonomy":"category","embeddable":true,"href":"https:\/\/zonaroja.com.mx\/index.php?rest_route=%2Fwp%2Fv2%2Fcategories&post=15554"},{"taxonomy":"post_tag","embeddable":true,"href":"https:\/\/zonaroja.com.mx\/index.php?rest_route=%2Fwp%2Fv2%2Ftags&post=15554"}],"curies":[{"name":"wp","href":"https:\/\/api.w.org\/{rel}","templated":true}]}}