{"id":15567,"date":"2020-07-28T14:11:13","date_gmt":"2020-07-28T19:11:13","guid":{"rendered":"https:\/\/www.zonaroja.com.mx\/?p=15567"},"modified":"2020-07-28T14:11:15","modified_gmt":"2020-07-28T19:11:15","slug":"amagan-funerarias-con-dejar-de-prestar-servicios-y-realizan-bloqueos","status":"publish","type":"post","link":"https:\/\/zonaroja.com.mx\/?p=15567","title":{"rendered":"Amagan funerarias con dejar de prestar servicios y realizan bloqueos"},"content":{"rendered":"\n<p class=\"MsoNormal\">Evlin Arag\u00f3n\/Zona Roja.&nbsp;<\/p>\n\n\n\n<p class=\"MsoNormal\">Oaxaca de Ju\u00e1rez, Oax., 28 de julio de 2020.- Por segundo d\u00eda consecutivo, personal trabajador de por lo menos 30 funerarias, se manifiesta &nbsp;en la capital de Oaxaca para exigir que se les permita realizar su labor sin ning\u00fan tipo de contratiempo por parte de las autoridades y la ciudadan\u00eda que recientemente se ha pronunciado en contra de la instalaci\u00f3n de espacios.&nbsp;<\/p>\n\n\n\n<p class=\"MsoNormal\">Y alrededor de las 14:00 horas, ante lo que aseguran es desatenci\u00f3n del gobierno a sus demandas, comenzaron a bloquear calles del Centro Hist\u00f3rico de la capital.&nbsp;<\/p>\n\n\n\n<p class=\"MsoNormal\">&nbsp;Viridiana Mej\u00eda, secretar\u00eda de la Asociaci\u00f3n de Funeraria del Estado, inform\u00f3 que arribaron a la Secretaria de Salud en donde arribaron desde temprana hora para solicitar audiencia con el titular Donato Casas Escamilla a quien piden su intervenci\u00f3n para continuar con su labor diaria, que en tiempos de Covid-19 se ha vuelto indispensable.&nbsp;&nbsp;&nbsp;<\/p>\n\n\n\n<p class=\"MsoNormal\">\u201cQue nos den seguridad para trabajar, ya que hemos sufrido \u00faltimamente agresiones y discriminaci\u00f3n en diferentes \u00e1reas, nos han cerrado crematorios y ahorita buscamos agilizar muchos movimientos para no propagar el virus\u201d, refiri\u00f3.&nbsp;&nbsp;<\/p>\n\n\n\n<p class=\"MsoNormal\">De acuerdo con la representante de la asociaci\u00f3n se han enfrentado a todo tipo de impedimento para realizar su labor, desde comunidades que impiden el ingreso de un cuerpo, la negativa de atender al personal en establecimientos con venta de comida y hasta el cierre o clausura de sus instalaciones.&nbsp;<\/p>\n\n\n\n<p class=\"MsoNormal\">Por ello han intentado en muchas ocasiones establecer el di\u00e1logo con las autoridades, sin embargo, no se ha podido ya que hasta el momento nadie ha escuchado sus demandas, por lo que desde el d\u00eda de ayer decidieron salir a las calles para exigir atenci\u00f3n.&nbsp;<\/p>\n\n\n\n<p class=\"MsoNormal\">En este sentido pidieron respeto por parte de la poblaci\u00f3n ya que nunca han actuado de forma irresponsable o con dolo, por el contrario, mantienen cualquier tipo de medida sanitaria para evitar riesgo de contagio para el personal de cada una de las empresas y las familias que contratan los servicios.&nbsp;&nbsp;<\/p>\n\n\n\n<p class=\"MsoNormal\">\u201cNosotros no somos propagaci\u00f3n de virus, nosotros estamos aqu\u00ed para terminar el \u00faltimo eslab\u00f3n en esta pandemia y darle el respeto que se merecen los cuerpos y sus familiares. Les pedimos que nos apoyen y que tengan consideraci\u00f3n con nosotros. Ning\u00fan funerario ha sido contagiado, no somos focos de infecci\u00f3n\u201d, se\u00f1al\u00f3.&nbsp;&nbsp;<\/p>\n\n\n\n<p class=\"MsoNormal\">As\u00ed mismo indic\u00f3 que en los \u00faltimos meses han actuado de forma responsable y han mejorado sus procedimientos de saneamiento, logrando que las funerarias no representen riesgo de contagio y por el contrario se puedan hacer cargo de cuerpos de personas que lamentablemente han muerto por Covid-19.&nbsp;<\/p>\n\n\n\n<p class=\"MsoNormal\">Finalmente detall\u00f3 que todas las funerarias que cuentan con instalaciones propias tienen sus respectivos permisos y protocolos de seguridad necesarios para evitar poner en riesgo a la poblaci\u00f3n con la que cohabitan, por lo anterior advirti\u00f3 que de continuar con la hostilidad en su contra van a suspender el servicio que prestan y realizar bloqueos carreteros que ahora s\u00ed podr\u00edan significar una afectaci\u00f3n para las y los oaxaque\u00f1os.  <\/p>\n","protected":false},"excerpt":{"rendered":"<p>Evlin Arag\u00f3n\/Zona Roja.&nbsp; Oaxaca de Ju\u00e1rez, Oax., 28 de julio de 2020.- Por segundo d\u00eda&hellip;<\/p>\n","protected":false},"author":2,"featured_media":15566,"comment_status":"closed","ping_status":"open","sticky":false,"template":"","format":"standard","meta":{"_lmt_disableupdate":"","_lmt_disable":"","_jetpack_memberships_contains_paid_content":false,"footnotes":""},"categories":[109,47],"tags":[],"class_list":["post-15567","post","type-post","status-publish","format-standard","has-post-thumbnail","hentry","category-minuto-a-minuto","category-zona-gris"],"jetpack_featured_media_url":"https:\/\/zonaroja.com.mx\/wp-content\/uploads\/2020\/07\/48456ad6-e9f7-449c-a355-ae3e7c0d05d4.jpg","jetpack_sharing_enabled":true,"_links":{"self":[{"href":"https:\/\/zonaroja.com.mx\/index.php?rest_route=\/wp\/v2\/posts\/15567","targetHints":{"allow":["GET"]}}],"collection":[{"href":"https:\/\/zonaroja.com.mx\/index.php?rest_route=\/wp\/v2\/posts"}],"about":[{"href":"https:\/\/zonaroja.com.mx\/index.php?rest_route=\/wp\/v2\/types\/post"}],"author":[{"embeddable":true,"href":"https:\/\/zonaroja.com.mx\/index.php?rest_route=\/wp\/v2\/users\/2"}],"replies":[{"embeddable":true,"href":"https:\/\/zonaroja.com.mx\/index.php?rest_route=%2Fwp%2Fv2%2Fcomments&post=15567"}],"version-history":[{"count":1,"href":"https:\/\/zonaroja.com.mx\/index.php?rest_route=\/wp\/v2\/posts\/15567\/revisions"}],"predecessor-version":[{"id":15568,"href":"https:\/\/zonaroja.com.mx\/index.php?rest_route=\/wp\/v2\/posts\/15567\/revisions\/15568"}],"wp:featuredmedia":[{"embeddable":true,"href":"https:\/\/zonaroja.com.mx\/index.php?rest_route=\/wp\/v2\/media\/15566"}],"wp:attachment":[{"href":"https:\/\/zonaroja.com.mx\/index.php?rest_route=%2Fwp%2Fv2%2Fmedia&parent=15567"}],"wp:term":[{"taxonomy":"category","embeddable":true,"href":"https:\/\/zonaroja.com.mx\/index.php?rest_route=%2Fwp%2Fv2%2Fcategories&post=15567"},{"taxonomy":"post_tag","embeddable":true,"href":"https:\/\/zonaroja.com.mx\/index.php?rest_route=%2Fwp%2Fv2%2Ftags&post=15567"}],"curies":[{"name":"wp","href":"https:\/\/api.w.org\/{rel}","templated":true}]}}