{"id":1557,"date":"2019-06-07T20:43:58","date_gmt":"2019-06-08T01:43:58","guid":{"rendered":"http:\/\/www.zonaroja.com.mx\/?p=1557"},"modified":"2019-06-07T20:44:00","modified_gmt":"2019-06-08T01:44:00","slug":"libre-lenin-osorio-tras-comprobarse-montaje-de-la-fiscalia-y-el-tsj","status":"publish","type":"post","link":"https:\/\/zonaroja.com.mx\/?p=1557","title":{"rendered":"Libre Lenin Osorio, tras comprobarse montaje de la Fiscal\u00eda y el TSJ"},"content":{"rendered":"\n<figure class=\"wp-block-image\"><img decoding=\"async\" width=\"1024\" height=\"622\" src=\"http:\/\/www.zonaroja.com.mx\/wp-content\/uploads\/2019\/06\/Lenin-Osorio-1024x622.jpg\" alt=\"\" class=\"wp-image-1558\" srcset=\"https:\/\/zonaroja.com.mx\/wp-content\/uploads\/2019\/06\/Lenin-Osorio-1024x622.jpg 1024w, https:\/\/zonaroja.com.mx\/wp-content\/uploads\/2019\/06\/Lenin-Osorio-300x182.jpg 300w, https:\/\/zonaroja.com.mx\/wp-content\/uploads\/2019\/06\/Lenin-Osorio-768x467.jpg 768w, https:\/\/zonaroja.com.mx\/wp-content\/uploads\/2019\/06\/Lenin-Osorio-1170x711.jpg 1170w, https:\/\/zonaroja.com.mx\/wp-content\/uploads\/2019\/06\/Lenin-Osorio-585x356.jpg 585w, https:\/\/zonaroja.com.mx\/wp-content\/uploads\/2019\/06\/Lenin-Osorio.jpg 1775w\" sizes=\"(max-width: 1024px) 100vw, 1024px\" \/><figcaption>Foto: Especial<\/figcaption><\/figure>\n\n\n\n<p>Oaxaca de Ju\u00e1rez, Oax., 7 de junio de 2019.- La puerta de fierro se abri\u00f3. Apareci\u00f3 el hombre, feliz. Baj\u00f3 sus pertenencias al piso, alz\u00f3 las manos al cielo y grit\u00f3 \u00ab\u00a1Te alabo mi Dios!\u00bb. Y con un \u201c\u00a1Qu\u00e9 onda!\u201d fue recibido Lenin Osorio Ortega, tras siete a\u00f1os de c\u00e1rcel. <\/p>\n\n\n\n<p>Alrededor de\nlas 19:30 horas de este viernes, el acusado de participar en el asesinato del\ncamar\u00f3grafo estadounidense Brad Will, volvi\u00f3 a la calle.<\/p>\n\n\n\n<p>Un pantal\u00f3n\nde mezclilla, playera blanca y tenis; una cubeta verde en una mano y una caja\nde cart\u00f3n en otra, fueron todas las pertenencias con las que sali\u00f3 de\nreclusorio ubicado en la Villa de Etla para abrazarse con sus familiares. <\/p>\n\n\n\n<p>Fue su\nhermano Edgar, insistente defensor, con quien se fundi\u00f3 en un abrazo; luego el\nde su madre y despu\u00e9s de sus abogados y familiares cercanos que acudieron a\nrecibirlo.<\/p>\n\n\n\n<p>Con ello\nterminaron siete a\u00f1os de prisi\u00f3n, al determinar un juez federal que el juez\nlocal &#8211;Armando Lustre N\u00fa\u00f1ez&#8211; deb\u00eda dictar el auto de formal prisi\u00f3n, a lo\ncual se resisti\u00f3 en dos ocasiones.<\/p>\n\n\n\n<p>Desde hace\ndos semanas antes, abogados y familiares acusaron irregularidades en el proceso\nas\u00ed como contubernio de la Fiscal\u00eda General del Estado con el Tribunal Superior\nde Justicia.<\/p>\n\n\n\n<p>El\nMinisterio P\u00fablico present\u00f3 testigos que no pudieron comprobar sus acusaciones,\nmientras que el Poder Judicial acept\u00f3 las irregularidades y alarg\u00f3 el proceso.\nAsimismo, se corrobor\u00f3 que los dos disparos en contra de Brad Will fueron a\ncorta distancia y no a larga distancia, como se acusaba.<\/p>\n\n\n\n<p>Desde la\nsemana pasada un juez de Distrito ya hab\u00eda sentenciado que el juez local deb\u00eda\notorgar la libertad; sin embargo, a Lenin le impusieron un nuevo auto de formal\nprisi\u00f3n.<\/p>\n\n\n\n<p>Los abogados\nanalizan contrademandar a funcionarios del Poder Judicial de Oaxaca, as\u00ed como\nde la Fiscal\u00eda General del Estado que se confabularon para crear un \u201cchivo\nexpiatorio\u201d.<\/p>\n\n\n\n<p>Brad Will\nfue asesinado el 27 de octubre de 2006, en el marco de la revuelta social\nsurgida tras el intento de desalojo por parte del gobierno de Ulises Ruiz\nOrtiz, del magisterio de la Secci\u00f3n 22 que ten\u00eda un \u201cplant\u00f3n\u201d en el z\u00f3calo y\ncalles aleda\u00f1as del Centro Hist\u00f3rico de la capital.<\/p>\n","protected":false},"excerpt":{"rendered":"<p>Oaxaca de Ju\u00e1rez, Oax., 7 de junio de 2019.- La puerta de fierro se abri\u00f3.&hellip;<\/p>\n","protected":false},"author":2,"featured_media":0,"comment_status":"closed","ping_status":"open","sticky":false,"template":"","format":"standard","meta":{"_lmt_disableupdate":"","_lmt_disable":"","_jetpack_memberships_contains_paid_content":false,"footnotes":""},"categories":[51],"tags":[64,65,63,66],"class_list":["post-1557","post","type-post","status-publish","format-standard","hentry","category-zona-roja","tag-brad-will","tag-fiscalia-general","tag-lenin-osorio","tag-tribunal-superior-de-justicia"],"jetpack_featured_media_url":"","jetpack_sharing_enabled":true,"_links":{"self":[{"href":"https:\/\/zonaroja.com.mx\/index.php?rest_route=\/wp\/v2\/posts\/1557","targetHints":{"allow":["GET"]}}],"collection":[{"href":"https:\/\/zonaroja.com.mx\/index.php?rest_route=\/wp\/v2\/posts"}],"about":[{"href":"https:\/\/zonaroja.com.mx\/index.php?rest_route=\/wp\/v2\/types\/post"}],"author":[{"embeddable":true,"href":"https:\/\/zonaroja.com.mx\/index.php?rest_route=\/wp\/v2\/users\/2"}],"replies":[{"embeddable":true,"href":"https:\/\/zonaroja.com.mx\/index.php?rest_route=%2Fwp%2Fv2%2Fcomments&post=1557"}],"version-history":[{"count":2,"href":"https:\/\/zonaroja.com.mx\/index.php?rest_route=\/wp\/v2\/posts\/1557\/revisions"}],"predecessor-version":[{"id":1560,"href":"https:\/\/zonaroja.com.mx\/index.php?rest_route=\/wp\/v2\/posts\/1557\/revisions\/1560"}],"wp:attachment":[{"href":"https:\/\/zonaroja.com.mx\/index.php?rest_route=%2Fwp%2Fv2%2Fmedia&parent=1557"}],"wp:term":[{"taxonomy":"category","embeddable":true,"href":"https:\/\/zonaroja.com.mx\/index.php?rest_route=%2Fwp%2Fv2%2Fcategories&post=1557"},{"taxonomy":"post_tag","embeddable":true,"href":"https:\/\/zonaroja.com.mx\/index.php?rest_route=%2Fwp%2Fv2%2Ftags&post=1557"}],"curies":[{"name":"wp","href":"https:\/\/api.w.org\/{rel}","templated":true}]}}