{"id":15572,"date":"2020-07-28T18:02:06","date_gmt":"2020-07-28T23:02:06","guid":{"rendered":"https:\/\/www.zonaroja.com.mx\/?p=15572"},"modified":"2020-07-28T18:02:09","modified_gmt":"2020-07-28T23:02:09","slug":"directivos-de-funerarias-y-grupo-de-choque-agreden-a-reporteros-de-oaxaca-durante-bloqueos","status":"publish","type":"post","link":"https:\/\/zonaroja.com.mx\/?p=15572","title":{"rendered":"Directivos de  funerarias y grupo de choque agreden a reporteros de Oaxaca durante bloqueos"},"content":{"rendered":"\n<p class=\"MsoNormal\">Redacci\u00f3n\/ Zona Roja.<\/p>\n\n\n\n<p class=\"MsoNormal\">Oaxaca de Ju\u00e1rez, Oax., 28 de julio de 2020.-&nbsp; Empleados y directivos de servicios funerarios de la capital de Oaxaca &nbsp;agredieron a un grupo de reporteros que cubr\u00edan la manifestaci\u00f3n violenta que realizaban en inmediaciones de los Servicios de Salud de Oaxaca(SSO) para exigir el funcionamiento de m\u00e1s crematorios.<\/p>\n\n\n\n<p class=\"MsoNormal\">El reportero del medio \u201cEl Fogonazo\u201d, Oth\u00f3n Garc\u00eda D\u00edaz, fue golpeado en el rostro, hasta sangrar, por parte de uno de los manifestantes mientras grababa los bloqueos que intensificaban como medida de presi\u00f3n para el gobierno del estado.<\/p>\n\n\n\n<p class=\"MsoNormal\">Otro agredido fue Ernesto Rojas Ayuzo, del medio \u201cHey Oaxaca\u201d, quien se logr\u00f3 cubrir con su casco de motociclista.&nbsp;<\/p>\n\n\n\n<p class=\"MsoNormal\">Sin mediar palabra, uno de los inconformes propin\u00f3 un pu\u00f1etazo que le abri\u00f3 el p\u00f3mulo, del costado derecho.<\/p>\n\n\n\n<p class=\"MsoNormal\">Oth\u00f3n Garc\u00eda responsabiliz\u00f3 directamente a los propietarios de las funerarias \u201cSanta Luc\u00eda\u201d y \u201cCh\u00e1vez\u201d, quienes se encontraban en el lugar junto con los agresores.<\/p>\n\n\n\n<p class=\"MsoNormal\">Los empresarios primero agredieron de forma verbal a un grupo de reporteros, a quienes intentaron evitar que realizaran su labor period\u00edstica sobre las afectaciones que la movilizaci\u00f3n provocaba contra la ciudadan\u00eda.<\/p>\n\n\n\n<p class=\"MsoNormal\">Desde temprana hora los trabajadores de las funerarias y un grupo de choque instalaron una protesta frente a las oficinas de los Servicios de Salud de Oaxaca, en la calle de J.P. Garc\u00eda, la cual se extendi\u00f3 conforme avanzaba el d\u00eda.<\/p>\n\n\n\n<p class=\"MsoNormal\">El bloqueo se prolong\u00f3 a las calles de Morelos, Porfirio D\u00edaz,&nbsp;<a href=\"\/\/1\">20 de Noviembre<\/a>&nbsp;e Independencia, lo que caus\u00f3 caos vial.<\/p>\n\n\n\n<p class=\"MsoNormal\">El reportero logr\u00f3 ver que su agresor vest\u00eda una playera color gris, pero no logr\u00f3 distinguir su rostro porque portaba cubrebocas.&nbsp;<\/p>\n\n\n\n<p class=\"MsoNormal\">Por los hechos, Garc\u00eda D\u00edaz, presentar\u00e1 la denuncia correspondiente ante la Fiscal\u00eda General de Oaxaca contra los empresarios funerarios, as\u00ed como contra quien o quienes resulten responsables de la agresi\u00f3n. <\/p>\n","protected":false},"excerpt":{"rendered":"<p>Redacci\u00f3n\/ Zona Roja. Oaxaca de Ju\u00e1rez, Oax., 28 de julio de 2020.-&nbsp; Empleados y directivos&hellip;<\/p>\n","protected":false},"author":2,"featured_media":15571,"comment_status":"closed","ping_status":"open","sticky":false,"template":"","format":"standard","meta":{"_lmt_disableupdate":"","_lmt_disable":"","_jetpack_memberships_contains_paid_content":false,"footnotes":""},"categories":[109,47],"tags":[],"class_list":["post-15572","post","type-post","status-publish","format-standard","has-post-thumbnail","hentry","category-minuto-a-minuto","category-zona-gris"],"jetpack_featured_media_url":"https:\/\/zonaroja.com.mx\/wp-content\/uploads\/2020\/07\/42e5e2e8-92ea-49f1-9a80-4c0b5414f1ba.jpg","jetpack_sharing_enabled":true,"_links":{"self":[{"href":"https:\/\/zonaroja.com.mx\/index.php?rest_route=\/wp\/v2\/posts\/15572","targetHints":{"allow":["GET"]}}],"collection":[{"href":"https:\/\/zonaroja.com.mx\/index.php?rest_route=\/wp\/v2\/posts"}],"about":[{"href":"https:\/\/zonaroja.com.mx\/index.php?rest_route=\/wp\/v2\/types\/post"}],"author":[{"embeddable":true,"href":"https:\/\/zonaroja.com.mx\/index.php?rest_route=\/wp\/v2\/users\/2"}],"replies":[{"embeddable":true,"href":"https:\/\/zonaroja.com.mx\/index.php?rest_route=%2Fwp%2Fv2%2Fcomments&post=15572"}],"version-history":[{"count":1,"href":"https:\/\/zonaroja.com.mx\/index.php?rest_route=\/wp\/v2\/posts\/15572\/revisions"}],"predecessor-version":[{"id":15573,"href":"https:\/\/zonaroja.com.mx\/index.php?rest_route=\/wp\/v2\/posts\/15572\/revisions\/15573"}],"wp:featuredmedia":[{"embeddable":true,"href":"https:\/\/zonaroja.com.mx\/index.php?rest_route=\/wp\/v2\/media\/15571"}],"wp:attachment":[{"href":"https:\/\/zonaroja.com.mx\/index.php?rest_route=%2Fwp%2Fv2%2Fmedia&parent=15572"}],"wp:term":[{"taxonomy":"category","embeddable":true,"href":"https:\/\/zonaroja.com.mx\/index.php?rest_route=%2Fwp%2Fv2%2Fcategories&post=15572"},{"taxonomy":"post_tag","embeddable":true,"href":"https:\/\/zonaroja.com.mx\/index.php?rest_route=%2Fwp%2Fv2%2Ftags&post=15572"}],"curies":[{"name":"wp","href":"https:\/\/api.w.org\/{rel}","templated":true}]}}