{"id":15578,"date":"2020-07-29T08:03:33","date_gmt":"2020-07-29T13:03:33","guid":{"rendered":"http:\/\/www.zonaroja.com.mx\/?p=15578"},"modified":"2020-07-28T21:37:49","modified_gmt":"2020-07-29T02:37:49","slug":"urgente-garantizar-medidas-de-proteccion-para-mujer-agredida-en-teotilalpam","status":"publish","type":"post","link":"https:\/\/zonaroja.com.mx\/?p=15578","title":{"rendered":"Urgente garantizar medidas de protecci\u00f3n para mujer agredida en Teotil\u00e1lpam"},"content":{"rendered":"\n<p>Redacci\u00f3n\/Zona Roja. <\/p>\n\n\n\n<p>Oaxaca de Ju\u00e1rez, Oax., 28 de julio de\n2020.- Luego de la agresi\u00f3n de la que fue v\u00edctima Constanza Olivera en el municipio\nde San Andr\u00e9s Teotil\u00e1lpam, la diputada Elisa Zepeda alz\u00f3 la voz desde el\nCongreso local e hizo un llamado a no dejar impune este delito.<\/p>\n\n\n\n<p>Por lo que pidi\u00f3 a la Fiscal\u00eda General\ndel Estado para que a la brevedad inicie la carpeta de investigaci\u00f3n a efectos\nde recabar los datos de prueba para lograr la detenci\u00f3n del agresor de\nConstanza.<\/p>\n\n\n\n<p>\u201cCualquier acto de violencia contra las\nmujeres deber ser investigado y castigado por las autoridades de procuraci\u00f3n de\njusticia para terminar con los episodios violentos que envuelven la vida de las\nmujeres en nuestras comunidades ind\u00edgenas\u201d, manifest\u00f3 la legisladora por el\nDistrito 04.<\/p>\n\n\n\n<p>En este sentido, solicit\u00f3 tambi\u00e9n a las\nautoridades municipales de San Andr\u00e9s Teotil\u00e1lpam y a la Fiscal\u00eda General del\nEstado garantizar&nbsp; en todo momento la\nprotecci\u00f3n de la v\u00edctima, y poder dar con el paradero del agresor para que\nlleve el debido proceso y pueda ser juzgado.<\/p>\n\n\n\n<p>Elisa Zepeda dijo que la violencia\ncontra las mujeres debe condenarse en todos los espacios, por todas las\nautoridades, por lo que una agresi\u00f3n de esta naturaleza no puede quedar en la\nimpunidad, advirti\u00f3 la diputada local.<\/p>\n","protected":false},"excerpt":{"rendered":"<p>Redacci\u00f3n\/Zona Roja. Oaxaca de Ju\u00e1rez, Oax., 28 de julio de 2020.- Luego de la agresi\u00f3n&hellip;<\/p>\n","protected":false},"author":2,"featured_media":15579,"comment_status":"closed","ping_status":"open","sticky":false,"template":"","format":"standard","meta":{"_lmt_disableupdate":"","_lmt_disable":"","_jetpack_memberships_contains_paid_content":false,"footnotes":""},"categories":[109,47],"tags":[1866],"class_list":["post-15578","post","type-post","status-publish","format-standard","has-post-thumbnail","hentry","category-minuto-a-minuto","category-zona-gris","tag-san-andres-teotilalpam"],"jetpack_featured_media_url":"https:\/\/zonaroja.com.mx\/wp-content\/uploads\/2020\/07\/Mujer-Teotil\u00e1lpam-2.jpg","jetpack_sharing_enabled":true,"_links":{"self":[{"href":"https:\/\/zonaroja.com.mx\/index.php?rest_route=\/wp\/v2\/posts\/15578","targetHints":{"allow":["GET"]}}],"collection":[{"href":"https:\/\/zonaroja.com.mx\/index.php?rest_route=\/wp\/v2\/posts"}],"about":[{"href":"https:\/\/zonaroja.com.mx\/index.php?rest_route=\/wp\/v2\/types\/post"}],"author":[{"embeddable":true,"href":"https:\/\/zonaroja.com.mx\/index.php?rest_route=\/wp\/v2\/users\/2"}],"replies":[{"embeddable":true,"href":"https:\/\/zonaroja.com.mx\/index.php?rest_route=%2Fwp%2Fv2%2Fcomments&post=15578"}],"version-history":[{"count":1,"href":"https:\/\/zonaroja.com.mx\/index.php?rest_route=\/wp\/v2\/posts\/15578\/revisions"}],"predecessor-version":[{"id":15580,"href":"https:\/\/zonaroja.com.mx\/index.php?rest_route=\/wp\/v2\/posts\/15578\/revisions\/15580"}],"wp:featuredmedia":[{"embeddable":true,"href":"https:\/\/zonaroja.com.mx\/index.php?rest_route=\/wp\/v2\/media\/15579"}],"wp:attachment":[{"href":"https:\/\/zonaroja.com.mx\/index.php?rest_route=%2Fwp%2Fv2%2Fmedia&parent=15578"}],"wp:term":[{"taxonomy":"category","embeddable":true,"href":"https:\/\/zonaroja.com.mx\/index.php?rest_route=%2Fwp%2Fv2%2Fcategories&post=15578"},{"taxonomy":"post_tag","embeddable":true,"href":"https:\/\/zonaroja.com.mx\/index.php?rest_route=%2Fwp%2Fv2%2Ftags&post=15578"}],"curies":[{"name":"wp","href":"https:\/\/api.w.org\/{rel}","templated":true}]}}