{"id":15581,"date":"2020-07-28T20:37:48","date_gmt":"2020-07-29T01:37:48","guid":{"rendered":"http:\/\/www.zonaroja.com.mx\/?p=15581"},"modified":"2020-07-28T20:37:52","modified_gmt":"2020-07-29T01:37:52","slug":"asociacion-de-periodistas-condenan-ataque-a-reporteros-y-exigen-justicia","status":"publish","type":"post","link":"https:\/\/zonaroja.com.mx\/?p=15581","title":{"rendered":"Asociaci\u00f3n de periodistas condenan ataque a reporteros y exigen justicia"},"content":{"rendered":"\n<p>Yuridiana Sosa\/Zona Roja.<\/p>\n\n\n\n<p>Oaxaca de Ju\u00e1rez, Oax., 28 de julio de\n2020.- La Asociaci\u00f3n de Periodistas de Informaci\u00f3n Policiaca (APIP) en Oaxaca exigi\u00f3\na la Fiscal\u00eda General de Oaxaca justicia por la agresi\u00f3n contra dos reporteros\npor parte de un grupo de manifestantes, prestadores de servicios funerarios.<\/p>\n\n\n\n<p>Los comunicadores condenaron el ataque\nverbal y f\u00edsico contra el periodista Oth\u00f3n Garc\u00eda D\u00edaz, del diario \u201cRotativo\u201d y\nla p\u00e1gina \u201cFogonazo\u201d, as\u00ed como del reportero Ernesto Rojas Ayuso, del portal \u201cHey\nOaxaca\u201d, ocurrido la tarde de este martes mientras realizaba su labor\ninformativa en la capital de Oaxaca.<\/p>\n\n\n\n<p>La APIP demand\u00f3 a la Fiscal\u00eda de Oaxaca\nuna inmediata y exhaustiva investigaci\u00f3n, pues adem\u00e1s de las agresiones\nmientras realizaban su trabajo, que forma parte del derecho a la informaci\u00f3n,\nel reportero Garc\u00eda D\u00edaz tambi\u00e9n fue v\u00edctima del robo de su equipo de trabajo\ncon el que registraba los hechos.<\/p>\n\n\n\n<p>El gremio period\u00edstico, quien se\nsolidariz\u00f3 con los compa\u00f1eros agredidos, exigi\u00f3 a las autoridades estatales las\ngarant\u00edas para ejercer la labor period\u00edstica en la entidad, pues de manera\nconstante se cometen actos contra los comunicadores.<\/p>\n\n\n\n<p>La APIP demand\u00f3 la intervenci\u00f3n de la\nDefensor\u00eda de los Derechos Humanos del Pueblo de Oaxaca, as\u00ed como del\npresidente municipal de Oaxaca de Ju\u00e1rez, Oswaldo Garc\u00eda Jarqu\u00edn.<\/p>\n\n\n\n<p>Al momento de la agresi\u00f3n, Oth\u00f3n Garc\u00eda\ny Ernesto Ayuzo, as\u00ed como otros comunicadores, cubr\u00edan las afectaciones del\nbloqueo que realizaron los prestadores de servicios funerarios, encabezadas por\nlos propietarios de las funerarias \u201cSanta Luc\u00eda y \u201cCh\u00e1vez\u201d.<\/p>\n\n\n\n<p>Para ello, los inconformes llevaron un\ngrupo de choque, presuntamente mototaxistas, que bajo las \u00f3rdenes de quien\nasegura ser dirigente de las empresas funerarias, Jos\u00e9 Ald\u00edvar, agredieron\nverbalmente tambi\u00e9n a los automovilistas que pasaban por la zona.<\/p>\n","protected":false},"excerpt":{"rendered":"<p>Yuridiana Sosa\/Zona Roja. Oaxaca de Ju\u00e1rez, Oax., 28 de julio de 2020.- La Asociaci\u00f3n de&hellip;<\/p>\n","protected":false},"author":2,"featured_media":15582,"comment_status":"closed","ping_status":"open","sticky":false,"template":"","format":"standard","meta":{"_lmt_disableupdate":"","_lmt_disable":"","_jetpack_memberships_contains_paid_content":false,"footnotes":""},"categories":[109,47],"tags":[1867],"class_list":["post-15581","post","type-post","status-publish","format-standard","has-post-thumbnail","hentry","category-minuto-a-minuto","category-zona-gris","tag-othon-garcia-diaz"],"jetpack_featured_media_url":"https:\/\/zonaroja.com.mx\/wp-content\/uploads\/2020\/07\/Oth\u00f3n-Garc\u00eda-D\u00edaz.jpg","jetpack_sharing_enabled":true,"_links":{"self":[{"href":"https:\/\/zonaroja.com.mx\/index.php?rest_route=\/wp\/v2\/posts\/15581","targetHints":{"allow":["GET"]}}],"collection":[{"href":"https:\/\/zonaroja.com.mx\/index.php?rest_route=\/wp\/v2\/posts"}],"about":[{"href":"https:\/\/zonaroja.com.mx\/index.php?rest_route=\/wp\/v2\/types\/post"}],"author":[{"embeddable":true,"href":"https:\/\/zonaroja.com.mx\/index.php?rest_route=\/wp\/v2\/users\/2"}],"replies":[{"embeddable":true,"href":"https:\/\/zonaroja.com.mx\/index.php?rest_route=%2Fwp%2Fv2%2Fcomments&post=15581"}],"version-history":[{"count":1,"href":"https:\/\/zonaroja.com.mx\/index.php?rest_route=\/wp\/v2\/posts\/15581\/revisions"}],"predecessor-version":[{"id":15583,"href":"https:\/\/zonaroja.com.mx\/index.php?rest_route=\/wp\/v2\/posts\/15581\/revisions\/15583"}],"wp:featuredmedia":[{"embeddable":true,"href":"https:\/\/zonaroja.com.mx\/index.php?rest_route=\/wp\/v2\/media\/15582"}],"wp:attachment":[{"href":"https:\/\/zonaroja.com.mx\/index.php?rest_route=%2Fwp%2Fv2%2Fmedia&parent=15581"}],"wp:term":[{"taxonomy":"category","embeddable":true,"href":"https:\/\/zonaroja.com.mx\/index.php?rest_route=%2Fwp%2Fv2%2Fcategories&post=15581"},{"taxonomy":"post_tag","embeddable":true,"href":"https:\/\/zonaroja.com.mx\/index.php?rest_route=%2Fwp%2Fv2%2Ftags&post=15581"}],"curies":[{"name":"wp","href":"https:\/\/api.w.org\/{rel}","templated":true}]}}