{"id":15587,"date":"2020-07-28T21:42:57","date_gmt":"2020-07-29T02:42:57","guid":{"rendered":"http:\/\/www.zonaroja.com.mx\/?p=15587"},"modified":"2020-07-28T21:43:00","modified_gmt":"2020-07-29T02:43:00","slug":"supera-oaxaca-los-10-mil-casos-de-covid-hoy-133-positivos-y-31-muertos","status":"publish","type":"post","link":"https:\/\/zonaroja.com.mx\/?p=15587","title":{"rendered":"Supera Oaxaca los 10 mil casos de Covid; hoy 133 positivos y 31 muertos"},"content":{"rendered":"\n<p>Redacci\u00f3n\/Zona Roja.<\/p>\n\n\n\n<p>Oaxaca de Ju\u00e1rez, Oax., 28 de julio de\n2020.- Los Servicios de Salud de Oaxaca (SSO) reportaron este martes 28 de\njulio, que en las \u00faltimas 24 horas se contabilizaron 31 fallecimientos m\u00e1s, por\nlo que la cifra global de p\u00e9rdidas humanas a causa de la pandemia se situ\u00f3 en\n918 muertes. <\/p>\n\n\n\n<p>Adem\u00e1s, se reportaron 133 nuevos\ncontagios de Covid-19, con lo que la cifra de contagios acumulados suma 10 mil\n061, cifra que representa alrededor del .25% del total de la poblaci\u00f3n del\nestado.<\/p>\n\n\n\n<p>En el reporte de este martes, la dependencia\ndetall\u00f3 que 839 pruebas fueron catalogadas como sospechosas en espera de\nresultados, y cuatro mil 369 han sido descartadas. <\/p>\n\n\n\n<p>Asimismo, se dieron de alta a 98\npacientes este martes, con lo que la cifra de personas que se han superado la\nenfermedad alcanz\u00f3 los ocho mil 540.<\/p>\n\n\n\n<p>En cuanto a la atenci\u00f3n medica en la entidad, dijo que la ocupaci\u00f3n hospitalaria se encuentra al 49.4%, de esta cifra, el 57.8% corresponde a camas en observaci\u00f3n y el 30.2% de cuidados intensivos; actualmente permanecen activos 603 casos en aislamiento y en constante monitoreo por el personal del sector.<\/p>\n\n\n\n<figure class=\"wp-block-embed-twitter wp-block-embed is-type-rich is-provider-twitter\"><div class=\"wp-block-embed__wrapper\">\n<div class=\"twitter-tweet\"><blockquote class=\"twitter-tweet\" data-lang=\"es\"><p lang=\"es\" dir=\"ltr\">Cu\u00eddate y cuida a tu familia. Si aplicas las medidas de prevenci\u00f3n contra el <a href=\"https:\/\/twitter.com\/hashtag\/COVID19?src=hash&amp;ref_src=twsrc%5Etfw\">#COVID19<\/a>, ayudas a evitar complicaciones que pongan en riesgo su <a href=\"https:\/\/twitter.com\/hashtag\/Salud?src=hash&amp;ref_src=twsrc%5Etfw\">#Salud<\/a>.<a href=\"https:\/\/twitter.com\/hashtag\/EligeLaVida?src=hash&amp;ref_src=twsrc%5Etfw\">#EligeLaVida<\/a> <a href=\"https:\/\/t.co\/COZ8nrbXot\">pic.twitter.com\/COZ8nrbXot<\/a><\/p>&mdash; Servicios de Salud (@SSO_GobOax) <a href=\"https:\/\/twitter.com\/SSO_GobOax\/status\/1288284909568577536?ref_src=twsrc%5Etfw\">29 de julio de 2020<\/a><\/blockquote><\/div>\n<\/div><\/figure>\n\n\n\n<p>Explic\u00f3 que en la \u00faltima actualizaci\u00f3n\ndel informe epidemiol\u00f3gico de la emergencia sanitaria, se une a la lista de\ncontagios la poblaci\u00f3n de San Andr\u00e9s Paxtl\u00e1n con un caso, por lo que a la fecha\nel virus se mantiene activo en 103 municipios de los 570 del territorio\noaxaque\u00f1o.<\/p>\n\n\n\n<p>Detall\u00f3 que por distribuci\u00f3n geogr\u00e1fica\nlos Valles Centrales concentra seis mil 548 casos acumulados, de estos 326\nest\u00e1n activos; Tuxtepec reporta mil 401 contagios y 89 a\u00fan cursan con la\nenfermedad; el Istmo con 987 notificaciones y 79 pacientes que presentaron s\u00edntomas\nen los \u00faltimos 14 d\u00edas.<\/p>\n\n\n\n<p>La Mixteca 572 positivos, de esta cifra\n75 personas a\u00fan se encuentran en aislamiento; la Costa 384 pacientes y 28\nactivos; la Sierra (Norte) con 169 confirmados y seis a\u00fan con la presencia de\nla infecci\u00f3n respiratoria.<\/p>\n\n\n\n<p>Finalmente, hizo un llamado a los\noaxaque\u00f1os para que se sumen con total compromiso a las acciones de mitigaci\u00f3n\ndel virus, como son: quedarse en casa y las medidas sanitarias y de higiene,\ncon el prop\u00f3sito de evitar m\u00e1s ingresos hospitalarios a causa de este\npadecimiento.<\/p>\n","protected":false},"excerpt":{"rendered":"<p>Redacci\u00f3n\/Zona Roja. Oaxaca de Ju\u00e1rez, Oax., 28 de julio de 2020.- Los Servicios de Salud&hellip;<\/p>\n","protected":false},"author":2,"featured_media":15588,"comment_status":"closed","ping_status":"open","sticky":false,"template":"","format":"standard","meta":{"_lmt_disableupdate":"","_lmt_disable":"","_jetpack_memberships_contains_paid_content":false,"footnotes":""},"categories":[109,47],"tags":[1512],"class_list":["post-15587","post","type-post","status-publish","format-standard","has-post-thumbnail","hentry","category-minuto-a-minuto","category-zona-gris","tag-coronavirus-oaxaca"],"jetpack_featured_media_url":"https:\/\/zonaroja.com.mx\/wp-content\/uploads\/2020\/07\/SSO-1-7.jpeg","jetpack_sharing_enabled":true,"_links":{"self":[{"href":"https:\/\/zonaroja.com.mx\/index.php?rest_route=\/wp\/v2\/posts\/15587","targetHints":{"allow":["GET"]}}],"collection":[{"href":"https:\/\/zonaroja.com.mx\/index.php?rest_route=\/wp\/v2\/posts"}],"about":[{"href":"https:\/\/zonaroja.com.mx\/index.php?rest_route=\/wp\/v2\/types\/post"}],"author":[{"embeddable":true,"href":"https:\/\/zonaroja.com.mx\/index.php?rest_route=\/wp\/v2\/users\/2"}],"replies":[{"embeddable":true,"href":"https:\/\/zonaroja.com.mx\/index.php?rest_route=%2Fwp%2Fv2%2Fcomments&post=15587"}],"version-history":[{"count":1,"href":"https:\/\/zonaroja.com.mx\/index.php?rest_route=\/wp\/v2\/posts\/15587\/revisions"}],"predecessor-version":[{"id":15589,"href":"https:\/\/zonaroja.com.mx\/index.php?rest_route=\/wp\/v2\/posts\/15587\/revisions\/15589"}],"wp:featuredmedia":[{"embeddable":true,"href":"https:\/\/zonaroja.com.mx\/index.php?rest_route=\/wp\/v2\/media\/15588"}],"wp:attachment":[{"href":"https:\/\/zonaroja.com.mx\/index.php?rest_route=%2Fwp%2Fv2%2Fmedia&parent=15587"}],"wp:term":[{"taxonomy":"category","embeddable":true,"href":"https:\/\/zonaroja.com.mx\/index.php?rest_route=%2Fwp%2Fv2%2Fcategories&post=15587"},{"taxonomy":"post_tag","embeddable":true,"href":"https:\/\/zonaroja.com.mx\/index.php?rest_route=%2Fwp%2Fv2%2Ftags&post=15587"}],"curies":[{"name":"wp","href":"https:\/\/api.w.org\/{rel}","templated":true}]}}