{"id":15593,"date":"2020-07-29T07:40:34","date_gmt":"2020-07-29T12:40:34","guid":{"rendered":"http:\/\/www.zonaroja.com.mx\/?p=15593"},"modified":"2020-07-29T07:40:38","modified_gmt":"2020-07-29T12:40:38","slug":"emite-ddhpo-medidas-cautelares-por-agresion-a-periodista","status":"publish","type":"post","link":"https:\/\/zonaroja.com.mx\/?p=15593","title":{"rendered":"Emite DDHPO medidas cautelares por agresi\u00f3n a periodista"},"content":{"rendered":"\n<p>Redacci\u00f3n\/Zona Roja.<\/p>\n\n\n\n<p>Oaxaca de Ju\u00e1rez, Oax., 29 de julio de\n2020.- La Defensor\u00eda de los Derechos Humanos del Pueblo de Oaxaca (DDHPO) dict\u00f3\nmedidas cautelares a favor de los comunicadores Oth\u00f3n Garc\u00eda D\u00edaz y Ernesto\nRojas Ayuzo, por la agresi\u00f3n cometida en su contra la tarde de este martes.<\/p>\n\n\n\n<p>En un comunicado, el ombudsperson\nBernardo Rodr\u00edguez Alamilla conden\u00f3 los hechos de violencia e inform\u00f3 que el\norganismo inici\u00f3 un Cuaderno de Antecedentes con el fin de investigar las\ncircunstancias de lo ocurrido, solicitar informaci\u00f3n a la Fiscal\u00eda General del\nEstado sobre la carpeta de investigaci\u00f3n, as\u00ed como medidas de protecci\u00f3n para\nlos periodistas.<\/p>\n\n\n\n<p>Sostuvo que los ataques contra las y\nlos representantes de los medios de comunicaci\u00f3n perjudican a la poblaci\u00f3n en\nsu conjunto, debido a que el ejercicio period\u00edstico juega un papel fundamental\nen la construcci\u00f3n de una sociedad democr\u00e1tica.<\/p>\n\n\n\n<p>\u00abLa garant\u00eda del derecho a la\ninformaci\u00f3n permite el ejercicio de otros derechos, convirti\u00e9ndose en un\nderecho llave\u00bb, mencion\u00f3.<\/p>\n\n\n\n<p>Tan solo en lo que va de la actual\ncontingencia sanitaria por Covid-19 (23 de marzo a la fecha), la Defensor\u00eda de\nlos Derechos Humanos ha iniciado 10 procedimientos \u2013entre quejas y cuadernos de\nantecedentes\u2014 por ataques contra periodistas, lo que indica el grado de\nvulnerabilidad de&nbsp; los periodistas.<\/p>\n\n\n\n<p>Rodr\u00edguez Alamilla advirti\u00f3 que la\ncontingencia sanitaria ha provocado que las y los comunicadores se encuentren\nen mayor riesgo, debido a su exposici\u00f3n p\u00fablica, las coberturas informativas en\nsitios de alto riesgo de contagio de la enfermedad, y la disminuci\u00f3n de la vigilancia\npor parte de autoridades de seguridad.<\/p>\n\n\n\n<p>En este sentido, resalt\u00f3 la necesidad\nde garantizar el derecho a la justicia para los periodistas Oth\u00f3n Garc\u00eda D\u00edaz y\nErnesto Rojas Ayuzo, as\u00ed como para todos los casos que se encuentran en\ninvestigaci\u00f3n, debido a que la impunidad es un incentivo para la repetici\u00f3n de\ntales hechos.<\/p>\n","protected":false},"excerpt":{"rendered":"<p>Redacci\u00f3n\/Zona Roja. Oaxaca de Ju\u00e1rez, Oax., 29 de julio de 2020.- La Defensor\u00eda de los&hellip;<\/p>\n","protected":false},"author":2,"featured_media":8442,"comment_status":"closed","ping_status":"open","sticky":false,"template":"","format":"standard","meta":{"_lmt_disableupdate":"","_lmt_disable":"","_jetpack_memberships_contains_paid_content":false,"footnotes":""},"categories":[109,47],"tags":[286,1867],"class_list":["post-15593","post","type-post","status-publish","format-standard","has-post-thumbnail","hentry","category-minuto-a-minuto","category-zona-gris","tag-defensoria-de-los-derechos-humanos-del-pueblo-de-oaxaca","tag-othon-garcia-diaz"],"jetpack_featured_media_url":"https:\/\/zonaroja.com.mx\/wp-content\/uploads\/2020\/02\/DDHPO-1.png","jetpack_sharing_enabled":true,"_links":{"self":[{"href":"https:\/\/zonaroja.com.mx\/index.php?rest_route=\/wp\/v2\/posts\/15593","targetHints":{"allow":["GET"]}}],"collection":[{"href":"https:\/\/zonaroja.com.mx\/index.php?rest_route=\/wp\/v2\/posts"}],"about":[{"href":"https:\/\/zonaroja.com.mx\/index.php?rest_route=\/wp\/v2\/types\/post"}],"author":[{"embeddable":true,"href":"https:\/\/zonaroja.com.mx\/index.php?rest_route=\/wp\/v2\/users\/2"}],"replies":[{"embeddable":true,"href":"https:\/\/zonaroja.com.mx\/index.php?rest_route=%2Fwp%2Fv2%2Fcomments&post=15593"}],"version-history":[{"count":1,"href":"https:\/\/zonaroja.com.mx\/index.php?rest_route=\/wp\/v2\/posts\/15593\/revisions"}],"predecessor-version":[{"id":15594,"href":"https:\/\/zonaroja.com.mx\/index.php?rest_route=\/wp\/v2\/posts\/15593\/revisions\/15594"}],"wp:featuredmedia":[{"embeddable":true,"href":"https:\/\/zonaroja.com.mx\/index.php?rest_route=\/wp\/v2\/media\/8442"}],"wp:attachment":[{"href":"https:\/\/zonaroja.com.mx\/index.php?rest_route=%2Fwp%2Fv2%2Fmedia&parent=15593"}],"wp:term":[{"taxonomy":"category","embeddable":true,"href":"https:\/\/zonaroja.com.mx\/index.php?rest_route=%2Fwp%2Fv2%2Fcategories&post=15593"},{"taxonomy":"post_tag","embeddable":true,"href":"https:\/\/zonaroja.com.mx\/index.php?rest_route=%2Fwp%2Fv2%2Ftags&post=15593"}],"curies":[{"name":"wp","href":"https:\/\/api.w.org\/{rel}","templated":true}]}}