{"id":15595,"date":"2020-07-29T08:06:31","date_gmt":"2020-07-29T13:06:31","guid":{"rendered":"http:\/\/www.zonaroja.com.mx\/?p=15595"},"modified":"2020-07-29T13:00:52","modified_gmt":"2020-07-29T18:00:52","slug":"condena-asociacion-de-periodistas-de-oaxaca-agresion-a-reporteros","status":"publish","type":"post","link":"https:\/\/zonaroja.com.mx\/?p=15595","title":{"rendered":"Condena Asociaci\u00f3n de Periodistas de Oaxaca agresi\u00f3n a reporteros"},"content":{"rendered":"\n<p>Evlin Arag\u00f3n\/Zona Roja. <\/p>\n\n\n\n<p class=\"MsoNormal\">Oaxaca de Ju\u00e1rez, Oax., 29 de julio de 2020.- \u201cExigimos justicia y castigo inmediato a quienes atentan contra la libertad de expresi\u00f3n y el derecho a la informaci\u00f3n de la ciudadan\u00eda\u201d. <\/p>\n\n\n\n<p class=\"MsoNormal\">As\u00ed refiri\u00f3 la Asociaci\u00f3n de Periodistas de Oaxaca (APO) A.C., en un comunicado de prensa en el que conden\u00f3 la agresi\u00f3n de la que fueron v\u00edctimas Oth\u00f3n Garc\u00eda D\u00edaz y Ernesto Rojas Ayuso, representantes de los medios de comunicaci\u00f3n, ejercida por personal de funerarias de Oaxaca que se manifestaron&nbsp;<a href=\"\/\/0\">este martes<\/a>&nbsp;en la capital oaxaque\u00f1a.&nbsp;&nbsp;<\/p>\n\n\n\n<p class=\"MsoNormal\">Sus integrantes exigieron la atenci\u00f3n puntual de la Fiscal\u00eda General del Estado de Oaxaca, a cargo de Rub\u00e9n Vasconcelos M\u00e9ndez, a quien le pidieron esta vez s\u00ed tomar en cuenta y de forma seria la denuncia o en su defecto renunciar para que alguien m\u00e1s haga el trabajo, ya que en otras ocasiones la impunidad se ha hecho presente. <\/p>\n\n\n\n<p class=\"MsoNormal\">\u201cNo m\u00e1s impunidad en ataques a periodistas; porque la Fiscal\u00eda deja sin castigo esos delitos los violentos asumen que nada les pasar\u00e1 y reinciden y hacen lo que quieren. \u00a1Basta de tanta negligencia, si no pueden renuncien!\u201d, cita el documento.&nbsp;<\/p>\n\n\n\n<p class=\"MsoNormal\">De igual forma solicitaron la intervenci\u00f3n del Congreso local, ya que como&nbsp;&nbsp;representantes populares no pueden consentir la cotidiana violaci\u00f3n de los derechos constitucionales de su representados, ni de las leyes que consagran el derecho a la libertad de expresi\u00f3n.&nbsp;<\/p>\n\n\n\n<p class=\"MsoNormal\">Recordaron que hay videos y testimonios de sobra de la agresi\u00f3n, por lo que s\u00f3lo hace falta voluntad pol\u00edtica por parte de las autoridades para sancionar a los responsables con todo el peso de la ley, sin responder a presiones de organizaciones sociales que de forma cotidiana confunden su derecho a manifestarse, con delinquir al violentar, agredir y herir a las personas.&nbsp;&nbsp;<\/p>\n\n\n\n<p class=\"MsoNormal\">As\u00ed mismo explicaron que la labor period\u00edstica es estar en el lugar de los hechos dando cobertura, mientras que el de la autoridad es salvaguardar la integridad f\u00edsica de las y los trabajadores de la prensa para que puedan llevar a cabo su trabajo.&nbsp;&nbsp;<\/p>\n\n\n\n<p class=\"MsoNormal\">\u201cExigimos Justicia, aplicaci\u00f3n de la ley, respeto al estado de derecho. O castigo a quienes, con su negligencia y omisi\u00f3n, han permitido tal estado de violencia en nuestra entidad\u201d, sentenciaron.&nbsp;&nbsp;<\/p>\n\n\n\n<p class=\"MsoNormal\">La tarde de <a href=\"\/\/1\">este martes<\/a>, Oth\u00f3n Garc\u00eda D\u00edaz, del diario \u201cRotativo\u201d y la p\u00e1gina \u201cFogonazo\u201d, as\u00ed como Ernesto Rojas Ayuso, del portal \u201cHey Oaxaca\u201d, fueron atacados de forma verbal y f\u00edsica por prestadores de servicios funerarios, mientras realizaba su labor informativa en la capital de Oaxaca. <\/p>\n","protected":false},"excerpt":{"rendered":"<p>Evlin Arag\u00f3n\/Zona Roja. Oaxaca de Ju\u00e1rez, Oax., 29 de julio de 2020.- \u201cExigimos justicia y&hellip;<\/p>\n","protected":false},"author":2,"featured_media":15596,"comment_status":"closed","ping_status":"open","sticky":false,"template":"","format":"standard","meta":{"_lmt_disableupdate":"","_lmt_disable":"","_jetpack_memberships_contains_paid_content":false,"footnotes":""},"categories":[109,47],"tags":[1041],"class_list":["post-15595","post","type-post","status-publish","format-standard","has-post-thumbnail","hentry","category-minuto-a-minuto","category-zona-gris","tag-asociacion-de-periodistas-de-oaxaca-apo"],"jetpack_featured_media_url":"https:\/\/zonaroja.com.mx\/wp-content\/uploads\/2020\/07\/Asociaci\u00f3n-de-Periodistas-de-Oaxaca.jpg","jetpack_sharing_enabled":true,"_links":{"self":[{"href":"https:\/\/zonaroja.com.mx\/index.php?rest_route=\/wp\/v2\/posts\/15595","targetHints":{"allow":["GET"]}}],"collection":[{"href":"https:\/\/zonaroja.com.mx\/index.php?rest_route=\/wp\/v2\/posts"}],"about":[{"href":"https:\/\/zonaroja.com.mx\/index.php?rest_route=\/wp\/v2\/types\/post"}],"author":[{"embeddable":true,"href":"https:\/\/zonaroja.com.mx\/index.php?rest_route=\/wp\/v2\/users\/2"}],"replies":[{"embeddable":true,"href":"https:\/\/zonaroja.com.mx\/index.php?rest_route=%2Fwp%2Fv2%2Fcomments&post=15595"}],"version-history":[{"count":2,"href":"https:\/\/zonaroja.com.mx\/index.php?rest_route=\/wp\/v2\/posts\/15595\/revisions"}],"predecessor-version":[{"id":15600,"href":"https:\/\/zonaroja.com.mx\/index.php?rest_route=\/wp\/v2\/posts\/15595\/revisions\/15600"}],"wp:featuredmedia":[{"embeddable":true,"href":"https:\/\/zonaroja.com.mx\/index.php?rest_route=\/wp\/v2\/media\/15596"}],"wp:attachment":[{"href":"https:\/\/zonaroja.com.mx\/index.php?rest_route=%2Fwp%2Fv2%2Fmedia&parent=15595"}],"wp:term":[{"taxonomy":"category","embeddable":true,"href":"https:\/\/zonaroja.com.mx\/index.php?rest_route=%2Fwp%2Fv2%2Fcategories&post=15595"},{"taxonomy":"post_tag","embeddable":true,"href":"https:\/\/zonaroja.com.mx\/index.php?rest_route=%2Fwp%2Fv2%2Ftags&post=15595"}],"curies":[{"name":"wp","href":"https:\/\/api.w.org\/{rel}","templated":true}]}}