{"id":15598,"date":"2020-07-29T08:10:17","date_gmt":"2020-07-29T13:10:17","guid":{"rendered":"http:\/\/www.zonaroja.com.mx\/?p=15598"},"modified":"2020-07-29T08:12:19","modified_gmt":"2020-07-29T13:12:19","slug":"suspende-el-ieepo-actividades-previas-al-inicio-del-ciclo-escolar","status":"publish","type":"post","link":"https:\/\/zonaroja.com.mx\/?p=15598","title":{"rendered":"Suspende el IEEPO actividades previas al inicio del ciclo escolar"},"content":{"rendered":"\n<p>Redacci\u00f3n\/Zona Roja.<\/p>\n\n\n\n<p>Oaxaca de Ju\u00e1rez, Oax., 29 de julio de\n2020.- El Instituto Estatal de Educaci\u00f3n P\u00fablica de Oaxaca (IEEPO) inform\u00f3 la\nsuspensi\u00f3n, hasta nuevo aviso, de las actividades previas para el inicio del\nciclo escolar 2020-2021, especialmente las correspondientes a la Fase Intensiva\ndel Consejo T\u00e9cnico Escolar; la Jornada de limpieza escolar; ex\u00e1menes de\nadmisi\u00f3n y los Tr\u00e1mites de inscripciones y reinscripciones, en educaci\u00f3n\nb\u00e1sica.<\/p>\n\n\n\n<p>En un comunicado, inform\u00f3 que lo\nanterior es en atenci\u00f3n a las indicaciones de la Secretar\u00eda de Educaci\u00f3n\nP\u00fablica (SEP) y con el prop\u00f3sito de privilegiar la salud y la vida de\nescolares, del personal educativo y sus familias.<\/p>\n\n\n\n<p>A trav\u00e9s del Subsecretario de Educaci\u00f3n\nB\u00e1sica, Marcos Bucio M\u00fajica, la autoridad educativa en el pa\u00eds dio a conocer\nque las condiciones de la emergencia sanitaria que caus\u00f3 la propagaci\u00f3n del Covid-19,\nprevalecen a\u00fan en todo el territorio mexicano, lo cual implica continuar con\nlas medidas de distanciamiento social.&nbsp; <\/p>\n\n\n\n<p>Bajo este contexto, la SEP anunci\u00f3 que\nen breve sesionar\u00e1 el Consejo Nacional de Autoridades Educativas (Conaedu), en\nla cual se definir\u00e1 y establecer\u00e1 de manera conjunta, la Ruta Estrat\u00e9gica para\nel inicio del ciclo escolar 2020-2021, que permita garantizar el derecho de las\nni\u00f1as, ni\u00f1os, adolescentes y j\u00f3venes de aprender a\u00fan en situaciones de\nemergencia, pero sobre todo garantizando la salud y bienestar de la comunidad\nescolar.&nbsp; <\/p>\n\n\n\n<p>El pasado 5 de julio del a\u00f1o en curso,\nse public\u00f3 en el Diario Oficial de la Federaci\u00f3n, el Acuerdo Secretarial n\u00famero\n12\/06\/20, cuyo objetivo principal fue el de regular acciones espec\u00edficas y\nextraordinarias ante la emergencia sanitaria para la conclusi\u00f3n del ciclo\nescolar 2019-2020, as\u00ed como para el inicio del ciclo escolar 2020-2021.&nbsp; <\/p>\n\n\n\n<p>En el documento, se indic\u00f3 que las\ndisposiciones se\u00f1aladas fueron emitidas con motivo de fuerza mayor, caso\nfortuito y emergencia sanitaria, y que estar\u00edan sujetas a lo que indicar\u00e1n las\nautoridades competentes en materia de salud.&nbsp;\n<\/p>\n","protected":false},"excerpt":{"rendered":"<p>Redacci\u00f3n\/Zona Roja. Oaxaca de Ju\u00e1rez, Oax., 29 de julio de 2020.- El Instituto Estatal de&hellip;<\/p>\n","protected":false},"author":2,"featured_media":7411,"comment_status":"closed","ping_status":"open","sticky":false,"template":"","format":"standard","meta":{"_lmt_disableupdate":"","_lmt_disable":"","_jetpack_memberships_contains_paid_content":false,"footnotes":""},"categories":[109,46],"tags":[599],"class_list":["post-15598","post","type-post","status-publish","format-standard","has-post-thumbnail","hentry","category-minuto-a-minuto","category-zona-blanca","tag-instituto-estatal-de-educacion-publica-de-oaxaca"],"jetpack_featured_media_url":"https:\/\/zonaroja.com.mx\/wp-content\/uploads\/2020\/01\/IEEPO-2.jpg","jetpack_sharing_enabled":true,"_links":{"self":[{"href":"https:\/\/zonaroja.com.mx\/index.php?rest_route=\/wp\/v2\/posts\/15598","targetHints":{"allow":["GET"]}}],"collection":[{"href":"https:\/\/zonaroja.com.mx\/index.php?rest_route=\/wp\/v2\/posts"}],"about":[{"href":"https:\/\/zonaroja.com.mx\/index.php?rest_route=\/wp\/v2\/types\/post"}],"author":[{"embeddable":true,"href":"https:\/\/zonaroja.com.mx\/index.php?rest_route=\/wp\/v2\/users\/2"}],"replies":[{"embeddable":true,"href":"https:\/\/zonaroja.com.mx\/index.php?rest_route=%2Fwp%2Fv2%2Fcomments&post=15598"}],"version-history":[{"count":1,"href":"https:\/\/zonaroja.com.mx\/index.php?rest_route=\/wp\/v2\/posts\/15598\/revisions"}],"predecessor-version":[{"id":15599,"href":"https:\/\/zonaroja.com.mx\/index.php?rest_route=\/wp\/v2\/posts\/15598\/revisions\/15599"}],"wp:featuredmedia":[{"embeddable":true,"href":"https:\/\/zonaroja.com.mx\/index.php?rest_route=\/wp\/v2\/media\/7411"}],"wp:attachment":[{"href":"https:\/\/zonaroja.com.mx\/index.php?rest_route=%2Fwp%2Fv2%2Fmedia&parent=15598"}],"wp:term":[{"taxonomy":"category","embeddable":true,"href":"https:\/\/zonaroja.com.mx\/index.php?rest_route=%2Fwp%2Fv2%2Fcategories&post=15598"},{"taxonomy":"post_tag","embeddable":true,"href":"https:\/\/zonaroja.com.mx\/index.php?rest_route=%2Fwp%2Fv2%2Ftags&post=15598"}],"curies":[{"name":"wp","href":"https:\/\/api.w.org\/{rel}","templated":true}]}}