{"id":15602,"date":"2020-07-29T13:54:51","date_gmt":"2020-07-29T18:54:51","guid":{"rendered":"https:\/\/www.zonaroja.com.mx\/?p=15602"},"modified":"2020-07-29T16:27:16","modified_gmt":"2020-07-29T21:27:16","slug":"congreso-exige-comparecencia-del-fiscal-ruben-vasconcelos-ante-hechos-de-impunidad","status":"publish","type":"post","link":"https:\/\/zonaroja.com.mx\/?p=15602","title":{"rendered":"Congreso exige comparecencia del fiscal Rub\u00e9n Vasconcelos, ante hechos de impunidad"},"content":{"rendered":"\n<p class=\"MsoNormal\">Yuridiana Sosa\/Zona Roja.&nbsp;<\/p>\n\n\n\n<p class=\"MsoNormal\">Oaxaca de Ju\u00e1rez, Oax., 29 de julio de 2020.- La 64 Legislatura del Congreso de Oaxaca aval\u00f3 <a href=\"\/\/1\">este mi\u00e9rcoles<\/a>\u00a0se cite a comparecer ante el pleno al titular de la Fiscal\u00eda General del Estado, Rub\u00e9n Vasconcelos M\u00e9ndez.<\/p>\n\n\n\n<p class=\"MsoNormal\">La aprobaci\u00f3n a la propuesta de la bancada parlamentaria de Morena se registr\u00f3 con 24 votos, con el respaldo de dos legisladoras independientes y ante la ausencia de los diputados del Partido Revolucionario Institucional (PRI), Verde Ecologista de M\u00e9xico (PVEM) y uno de Partido Encuentro Social (PES).<\/p>\n\n\n\n<p class=\"MsoNormal\">Los diputados demandan la presencia del fiscal para que rinda cuentas sobre el estado que guardan las investigaciones en Oaxaca, entre ellas las denuncias con motivo de la violencia por raz\u00f3n de g\u00e9nero y feminicidios, que durante el aislamiento por la contingencia sanitaria contin\u00faan e incluso se han incrementado.<\/p>\n\n\n\n<figure class=\"wp-block-embed-twitter wp-block-embed is-type-rich is-provider-twitter\"><div class=\"wp-block-embed__wrapper\">\n<div class=\"twitter-tweet\"><blockquote class=\"twitter-tweet\" data-lang=\"es\"><p lang=\"es\" dir=\"ltr\"><a href=\"https:\/\/twitter.com\/hashtag\/%C3%9AltimoMinuto?src=hash&amp;ref_src=twsrc%5Etfw\">#\u00daltimoMinuto<\/a> <br>Con 24 votos a favor -ante ausencia de legisladores del PRI, PVEM y PES-, el pleno del <a href=\"https:\/\/twitter.com\/CongresoOaxLXIV?ref_src=twsrc%5Etfw\">@CongresoOaxLXIV<\/a> aprob\u00f3 la comparecencia del titular de la <a href=\"https:\/\/twitter.com\/FISCALIA_GobOax?ref_src=twsrc%5Etfw\">@FISCALIA_GobOax<\/a>, <a href=\"https:\/\/twitter.com\/RVasconcelosM?ref_src=twsrc%5Etfw\">@RVasconcelosM<\/a>; a la iniciativa de Morena se unieron legisladoras independientes. <a href=\"https:\/\/t.co\/vaTLHr31bc\">pic.twitter.com\/vaTLHr31bc<\/a><\/p>&mdash; Zona Roja Oaxaca (@MexRoja) <a href=\"https:\/\/twitter.com\/MexRoja\/status\/1288526739484880902?ref_src=twsrc%5Etfw\">29 de julio de 2020<\/a><\/blockquote><\/div>\n<\/div><\/figure>\n\n\n\n<p class=\"MsoNormal\">As\u00ed tambi\u00e9n por las investigaciones de personas desaparecidas, entre ellas la del joven Jes\u00fas Israel Moreno P\u00e9rez, originario de la ciudad de M\u00e9xico, y desaparecido el 8 de julio de 2011 en Puerto Escondido, en las costas de Oaxaca. Caso del que se desconocen avances.<\/p>\n\n\n\n<p class=\"MsoNormal\">A la propuesta se unieron las diputadas Aleyda Serrano Rosado y Elim Antonio Aquino, quienes agregaron otros temas que debe explicar el fiscal oaxaque\u00f1o. <\/p>\n\n\n\n<p class=\"MsoNormal\">En tribuna, Serrano Rosado indic\u00f3 que la petici\u00f3n sobre la presencia de Rub\u00e9n Vasconcelos ante el pleno la realiz\u00f3 desde inicios de este a\u00f1o, pero que no se hab\u00eda considerado.<\/p>\n\n\n\n<p class=\"MsoNormal\">La \u00faltima ocasi\u00f3n que Rub\u00e9n Vasconcelos compareci\u00f3 ante el Pleno del Congreso de Oaxaca fue el pasado 5 de febrero de 2019, con motivo tambi\u00e9n del aumento de feminicidios y asesinatos en el estado.<\/p>\n","protected":false},"excerpt":{"rendered":"<p>Yuridiana Sosa\/Zona Roja.&nbsp; Oaxaca de Ju\u00e1rez, Oax., 29 de julio de 2020.- La 64 Legislatura&hellip;<\/p>\n","protected":false},"author":2,"featured_media":15601,"comment_status":"closed","ping_status":"open","sticky":false,"template":"","format":"standard","meta":{"_lmt_disableupdate":"","_lmt_disable":"","_jetpack_memberships_contains_paid_content":false,"footnotes":""},"categories":[109,47],"tags":[213,59],"class_list":["post-15602","post","type-post","status-publish","format-standard","has-post-thumbnail","hentry","category-minuto-a-minuto","category-zona-gris","tag-64-legislatura-de-oaxaca","tag-fiscalia-general-del-estado"],"jetpack_featured_media_url":"https:\/\/zonaroja.com.mx\/wp-content\/uploads\/2020\/07\/df4e95ef-4567-41ad-ac65-6ca8efbea13c.jpg","jetpack_sharing_enabled":true,"_links":{"self":[{"href":"https:\/\/zonaroja.com.mx\/index.php?rest_route=\/wp\/v2\/posts\/15602","targetHints":{"allow":["GET"]}}],"collection":[{"href":"https:\/\/zonaroja.com.mx\/index.php?rest_route=\/wp\/v2\/posts"}],"about":[{"href":"https:\/\/zonaroja.com.mx\/index.php?rest_route=\/wp\/v2\/types\/post"}],"author":[{"embeddable":true,"href":"https:\/\/zonaroja.com.mx\/index.php?rest_route=\/wp\/v2\/users\/2"}],"replies":[{"embeddable":true,"href":"https:\/\/zonaroja.com.mx\/index.php?rest_route=%2Fwp%2Fv2%2Fcomments&post=15602"}],"version-history":[{"count":2,"href":"https:\/\/zonaroja.com.mx\/index.php?rest_route=\/wp\/v2\/posts\/15602\/revisions"}],"predecessor-version":[{"id":15608,"href":"https:\/\/zonaroja.com.mx\/index.php?rest_route=\/wp\/v2\/posts\/15602\/revisions\/15608"}],"wp:featuredmedia":[{"embeddable":true,"href":"https:\/\/zonaroja.com.mx\/index.php?rest_route=\/wp\/v2\/media\/15601"}],"wp:attachment":[{"href":"https:\/\/zonaroja.com.mx\/index.php?rest_route=%2Fwp%2Fv2%2Fmedia&parent=15602"}],"wp:term":[{"taxonomy":"category","embeddable":true,"href":"https:\/\/zonaroja.com.mx\/index.php?rest_route=%2Fwp%2Fv2%2Fcategories&post=15602"},{"taxonomy":"post_tag","embeddable":true,"href":"https:\/\/zonaroja.com.mx\/index.php?rest_route=%2Fwp%2Fv2%2Ftags&post=15602"}],"curies":[{"name":"wp","href":"https:\/\/api.w.org\/{rel}","templated":true}]}}