{"id":15605,"date":"2020-07-29T15:36:12","date_gmt":"2020-07-29T20:36:12","guid":{"rendered":"http:\/\/www.zonaroja.com.mx\/?p=15605"},"modified":"2020-07-29T15:36:15","modified_gmt":"2020-07-29T20:36:15","slug":"otra-mujer-es-brutalmente-golpeada-ahora-por-su-ex-pareja-en-la-zona-mixe","status":"publish","type":"post","link":"https:\/\/zonaroja.com.mx\/?p=15605","title":{"rendered":"Otra mujer es brutalmente golpeada, ahora por su ex pareja en la Zona Mixe"},"content":{"rendered":"\n<p>Yuridiana\nsosa\/Zona Roja.<\/p>\n\n\n\n<p>Oaxaca de\nJu\u00e1rez, Oax., 29 de julio de 2020.- Margarita, de Santiago Ixcuintepec, en la\nzona Mixe de Oaxaca, es otra v\u00edctima m\u00e1s de la violencia de g\u00e9nero a manos de\nsu ex pareja sentimental, quien la golpe\u00f3 hasta que perdiera la conciencia.<\/p>\n\n\n\n<p>La tarde de\neste martes la joven mujer fue brutalmente golpeada por Feliciano Valois Pedro,\nhijo del actual S\u00edndico Municipal, Apolinar Valois Rem\u00edgio, seg\u00fan testificaron\nlos padres de la v\u00edctima, que se encontraban en el lugar de la agresi\u00f3n.<\/p>\n\n\n\n<p>De acuerdo con\nel testimonio, la agresi\u00f3n se registr\u00f3 cerca de las 17:000 horas tras el\nrechazo de Margarita Espinosa Espina a la visita de Feliciano, quien presuntamente\nes miembro del Ej\u00e9rcito Mexicano.<\/p>\n\n\n\n<p>La joven\nmujer le pidi\u00f3 a su ex pareja que se retirara, pues su presencia generaba temor\nentre su familia debido a los antecedentes violentos del hombre, misma actitud\nque mostr\u00f3 durante su visita.<\/p>\n\n\n\n<p>Ante el\nrechazo, el hombre atac\u00f3 a golpes a Margarita, quien fue liberada de la\nagresi\u00f3n por intervenci\u00f3n de los padres una vez que la joven estaba sobre el suelo,\ninconsciente y con m\u00faltiples heridas en distintas partes del cuerpo.<\/p>\n\n\n\n<p>Por las\nheridas y fuertes golpes en la cabeza, Margarita requiri\u00f3 intervenci\u00f3n m\u00e9dica\nen un hospital.<\/p>\n\n\n\n<p>La autoridad\nmunicipal inform\u00f3 que el agresor fue detenido horas despu\u00e9s en la comunidad de\nSan Miguel Quetzaltepec, de la zona Mixe, y fue puesto a disposici\u00f3n de la\npolic\u00eda municipal de Santiago Ixcuintepec, en espera de la Fiscal\u00eda General del\nEstado.<\/p>\n\n\n\n<p>Apenas el\nlunes pasado una mujer en la regi\u00f3n Ca\u00f1ada de Oaxaca denunci\u00f3 p\u00fablicamente la agresi\u00f3n\nque sufri\u00f3 en manos de su esposo.<\/p>\n\n\n\n<p>Ante la\nnegativa de la autoridad municipal de San Andr\u00e9s Teotil\u00e1lpam, donde ocurri\u00f3 el\nhecho, Constanza Olivera Gonz\u00e1lez dio a conocer su caso en redes sociales.<\/p>\n","protected":false},"excerpt":{"rendered":"<p>Yuridiana sosa\/Zona Roja. Oaxaca de Ju\u00e1rez, Oax., 29 de julio de 2020.- Margarita, de Santiago&hellip;<\/p>\n","protected":false},"author":2,"featured_media":15606,"comment_status":"closed","ping_status":"open","sticky":false,"template":"","format":"standard","meta":{"_lmt_disableupdate":"","_lmt_disable":"","_jetpack_memberships_contains_paid_content":false,"footnotes":""},"categories":[109,51],"tags":[1868],"class_list":["post-15605","post","type-post","status-publish","format-standard","has-post-thumbnail","hentry","category-minuto-a-minuto","category-zona-roja","tag-santiago-ixcuintepec"],"jetpack_featured_media_url":"https:\/\/zonaroja.com.mx\/wp-content\/uploads\/2020\/07\/Santiago-Ixcuintepec.jpg","jetpack_sharing_enabled":true,"_links":{"self":[{"href":"https:\/\/zonaroja.com.mx\/index.php?rest_route=\/wp\/v2\/posts\/15605","targetHints":{"allow":["GET"]}}],"collection":[{"href":"https:\/\/zonaroja.com.mx\/index.php?rest_route=\/wp\/v2\/posts"}],"about":[{"href":"https:\/\/zonaroja.com.mx\/index.php?rest_route=\/wp\/v2\/types\/post"}],"author":[{"embeddable":true,"href":"https:\/\/zonaroja.com.mx\/index.php?rest_route=\/wp\/v2\/users\/2"}],"replies":[{"embeddable":true,"href":"https:\/\/zonaroja.com.mx\/index.php?rest_route=%2Fwp%2Fv2%2Fcomments&post=15605"}],"version-history":[{"count":1,"href":"https:\/\/zonaroja.com.mx\/index.php?rest_route=\/wp\/v2\/posts\/15605\/revisions"}],"predecessor-version":[{"id":15607,"href":"https:\/\/zonaroja.com.mx\/index.php?rest_route=\/wp\/v2\/posts\/15605\/revisions\/15607"}],"wp:featuredmedia":[{"embeddable":true,"href":"https:\/\/zonaroja.com.mx\/index.php?rest_route=\/wp\/v2\/media\/15606"}],"wp:attachment":[{"href":"https:\/\/zonaroja.com.mx\/index.php?rest_route=%2Fwp%2Fv2%2Fmedia&parent=15605"}],"wp:term":[{"taxonomy":"category","embeddable":true,"href":"https:\/\/zonaroja.com.mx\/index.php?rest_route=%2Fwp%2Fv2%2Fcategories&post=15605"},{"taxonomy":"post_tag","embeddable":true,"href":"https:\/\/zonaroja.com.mx\/index.php?rest_route=%2Fwp%2Fv2%2Ftags&post=15605"}],"curies":[{"name":"wp","href":"https:\/\/api.w.org\/{rel}","templated":true}]}}