{"id":15609,"date":"2020-07-29T16:29:18","date_gmt":"2020-07-29T21:29:18","guid":{"rendered":"http:\/\/www.zonaroja.com.mx\/?p=15609"},"modified":"2020-07-29T16:29:23","modified_gmt":"2020-07-29T21:29:23","slug":"exhiben-a-edil-garcia-jarquin-de-no-realizar-obras-para-capitalinos","status":"publish","type":"post","link":"https:\/\/zonaroja.com.mx\/?p=15609","title":{"rendered":"Exhiben a edil Garc\u00eda Jarqu\u00edn de no realizar obras para capitalinos"},"content":{"rendered":"\n<p>Evlin Arag\u00f3n\/Zona\nRoja.<\/p>\n\n\n\n<p>Oaxaca de\nJu\u00e1rez, Oax., 29 de julio de 2020.- Integrantes del Frente de Comvives y\nOrganizaciones Sociales Zona Norte, se manifestaron este mi\u00e9rcoles frente al\nPalacio Municipal de la capital para exigir una audiencia con el edil de Oaxaca\nde Ju\u00e1rez, Oswaldo Garc\u00eda Jarqu\u00edn, la cual han buscado desde el mes de febrero\nsin \u00e9xito.&nbsp; <\/p>\n\n\n\n<p>Lo anterior\ncon la intenci\u00f3n de solicitar ser incluidos en la priorizaci\u00f3n de obra del\nejercicio fiscal 2020, la reactivaci\u00f3n econ\u00f3mica integral para todas las\ncolonias y un mayor compromiso en el combate a la inseguridad, que se ha\nconvertido en un verdadero problema en la capital en los \u00faltimos meses.&nbsp; <\/p>\n\n\n\n<p>\u201cSe est\u00e1\nsolicitando la audiencia de car\u00e1cter urgente con el presidente de forma\nrespetuosa, hemos sido muy respetuosos durante varios meses. Sabemos de la\ncontingencia, pero desde el mes de febrero hemos solicitado que nos escuche la\nautoridad\u201d, dijo Salvador P\u00e9rez L\u00f3pez del Comit\u00e9 de Vida Vecinal de la colonia\nVolcanes, quien advirti\u00f3 que, de no ser escuchados por el edil, radicalizaran\nsus protestas. <\/p>\n\n\n\n<p>En un breve encuentro con medios de comunicaci\u00f3n, explic\u00f3 que en torno a la priorizaci\u00f3n de obras se busca atenci\u00f3n puntual a las calles de la capital, en la zona norte, que se encuentran muy deterioradas, tan s\u00f3lo en la colonia Volcanes hay 15 obras pendientes y calles que no cuentan con el pavimento, pese a formar parte del ejercicio 2019. <\/p>\n\n\n\n<figure class=\"wp-block-embed-twitter wp-block-embed is-type-rich is-provider-twitter\"><div class=\"wp-block-embed__wrapper\">\n<div class=\"twitter-tweet\"><blockquote class=\"twitter-tweet\" data-lang=\"es\"><p lang=\"es\" dir=\"ltr\"><a href=\"https:\/\/twitter.com\/hashtag\/ENVIVO?src=hash&amp;ref_src=twsrc%5Etfw\">#ENVIVO<\/a><br>Oaxaca de Ju\u00e1rez, Oax., 29 de julio de 2020.- Conferencia de prensa por parte del Frente de Comvives y Organizaciones Sociales Zona Norte, frente al palacio municipal de la capital. <br>Aqu\u00ed el enlace: \ud83d\udc47<a href=\"https:\/\/t.co\/7orP4FDnZq\">https:\/\/t.co\/7orP4FDnZq<\/a> <a href=\"https:\/\/t.co\/3PnZMnUXQp\">pic.twitter.com\/3PnZMnUXQp<\/a><\/p>&mdash; Zona Roja Oaxaca (@MexRoja) <a href=\"https:\/\/twitter.com\/MexRoja\/status\/1288479895551606784?ref_src=twsrc%5Etfw\">29 de julio de 2020<\/a><\/blockquote><\/div>\n<\/div><\/figure>\n\n\n\n<p>\u201cSabemos que\nya se integr\u00f3 el Consejo Ciudadano, pero desafortunadamente no hemos sido\nconvocados, no han considerados a las colonias. No nos ha tocado en cuanto al\ntema de obra, queremos que nos incluyan porque la zona norte ha sido olvidada\u201d,\ndijo.&nbsp; <\/p>\n\n\n\n<p>Por su parte,\ncon respecto a la activaci\u00f3n econ\u00f3mica solicitan que por acuerdo se otorguen\ncr\u00e9ditos blandos, sin mucho requisito, as\u00ed como la ampliaci\u00f3n del programa de\nempleo temporal para la poblaci\u00f3n afectada por la contingencia sanitaria debido\na la pandemia.&nbsp; <\/p>\n\n\n\n<p>El pliego\npetitorio incluye el rubro de seguridad, ya que recientemente la capital\nencabeza los diez municipios con mayor incidencia delictiva en la entidad,\nsituaci\u00f3n que incluso fue corroborada la semana pasada por el titular de la\nSedena, Luis Crescencio Sandoval, en su visita a Oaxaca.&nbsp; <\/p>\n\n\n\n<p>Hasta el\nmomento el Frente de reciente creaci\u00f3n est\u00e1 integrado por representantes de las\ncolonias Volcanes, Jard\u00edn y la unidad habitacional \u201cRicardo Flores Mag\u00f3n\u201d, as\u00ed\ncomo de las organizaciones Carnales Unidos de Oaxaca, Sectores Unidos y la Red\nde Mujeres Oaxaque\u00f1as, sin embargo, hacen el llamado a las dem\u00e1s colonias para\nadherirse.&nbsp; <\/p>\n","protected":false},"excerpt":{"rendered":"<p>Evlin Arag\u00f3n\/Zona Roja. Oaxaca de Ju\u00e1rez, Oax., 29 de julio de 2020.- Integrantes del Frente&hellip;<\/p>\n","protected":false},"author":2,"featured_media":15610,"comment_status":"closed","ping_status":"open","sticky":false,"template":"","format":"standard","meta":{"_lmt_disableupdate":"","_lmt_disable":"","_jetpack_memberships_contains_paid_content":false,"footnotes":""},"categories":[109,47],"tags":[115],"class_list":["post-15609","post","type-post","status-publish","format-standard","has-post-thumbnail","hentry","category-minuto-a-minuto","category-zona-gris","tag-oswaldo-garcia-jarquin"],"jetpack_featured_media_url":"https:\/\/zonaroja.com.mx\/wp-content\/uploads\/2020\/07\/Protesta-Comvives-Oaxaca.png","jetpack_sharing_enabled":true,"_links":{"self":[{"href":"https:\/\/zonaroja.com.mx\/index.php?rest_route=\/wp\/v2\/posts\/15609","targetHints":{"allow":["GET"]}}],"collection":[{"href":"https:\/\/zonaroja.com.mx\/index.php?rest_route=\/wp\/v2\/posts"}],"about":[{"href":"https:\/\/zonaroja.com.mx\/index.php?rest_route=\/wp\/v2\/types\/post"}],"author":[{"embeddable":true,"href":"https:\/\/zonaroja.com.mx\/index.php?rest_route=\/wp\/v2\/users\/2"}],"replies":[{"embeddable":true,"href":"https:\/\/zonaroja.com.mx\/index.php?rest_route=%2Fwp%2Fv2%2Fcomments&post=15609"}],"version-history":[{"count":1,"href":"https:\/\/zonaroja.com.mx\/index.php?rest_route=\/wp\/v2\/posts\/15609\/revisions"}],"predecessor-version":[{"id":15611,"href":"https:\/\/zonaroja.com.mx\/index.php?rest_route=\/wp\/v2\/posts\/15609\/revisions\/15611"}],"wp:featuredmedia":[{"embeddable":true,"href":"https:\/\/zonaroja.com.mx\/index.php?rest_route=\/wp\/v2\/media\/15610"}],"wp:attachment":[{"href":"https:\/\/zonaroja.com.mx\/index.php?rest_route=%2Fwp%2Fv2%2Fmedia&parent=15609"}],"wp:term":[{"taxonomy":"category","embeddable":true,"href":"https:\/\/zonaroja.com.mx\/index.php?rest_route=%2Fwp%2Fv2%2Fcategories&post=15609"},{"taxonomy":"post_tag","embeddable":true,"href":"https:\/\/zonaroja.com.mx\/index.php?rest_route=%2Fwp%2Fv2%2Ftags&post=15609"}],"curies":[{"name":"wp","href":"https:\/\/api.w.org\/{rel}","templated":true}]}}