{"id":1561,"date":"2019-06-07T21:46:29","date_gmt":"2019-06-08T02:46:29","guid":{"rendered":"http:\/\/www.zonaroja.com.mx\/?p=1561"},"modified":"2019-06-07T21:46:31","modified_gmt":"2019-06-08T02:46:31","slug":"se-agravan-agresiones-y-crimenes-contra-periodistas-en-gobierno-de-murat","status":"publish","type":"post","link":"https:\/\/zonaroja.com.mx\/?p=1561","title":{"rendered":"Se agravan agresiones y cr\u00edmenes contra periodistas en gobierno de Murat"},"content":{"rendered":"\n<figure class=\"wp-block-image\"><img decoding=\"async\" width=\"1024\" height=\"768\" src=\"http:\/\/www.zonaroja.com.mx\/wp-content\/uploads\/2019\/06\/PRENSA-1024x768.jpg\" alt=\"\" class=\"wp-image-1562\" srcset=\"https:\/\/zonaroja.com.mx\/wp-content\/uploads\/2019\/06\/PRENSA-1024x768.jpg 1024w, https:\/\/zonaroja.com.mx\/wp-content\/uploads\/2019\/06\/PRENSA-300x225.jpg 300w, https:\/\/zonaroja.com.mx\/wp-content\/uploads\/2019\/06\/PRENSA-768x576.jpg 768w, https:\/\/zonaroja.com.mx\/wp-content\/uploads\/2019\/06\/PRENSA-1170x878.jpg 1170w, https:\/\/zonaroja.com.mx\/wp-content\/uploads\/2019\/06\/PRENSA-1920x1440.jpg 1920w, https:\/\/zonaroja.com.mx\/wp-content\/uploads\/2019\/06\/PRENSA-585x439.jpg 585w\" sizes=\"(max-width: 1024px) 100vw, 1024px\" \/><figcaption>Foto: Agencia Zona Roja<\/figcaption><\/figure>\n\n\n\n<p>Redacci\u00f3n\/Especial<\/p>\n\n\n\n<p>Oaxaca de\nJu\u00e1rez, Oax., 7 de junio de 2019.- La v\u00edspera hab\u00edan difundido su presunto\nsecuestro, pero el periodista lo desminti\u00f3 en Facebook. <\/p>\n\n\n\n<p>Sin embargo,\nlas primeras horas del mi\u00e9rcoles, Carlos S\u00e1nchez Llanes fue \u201clevantado\u201d a su\nllegada al palacio municipal de Mat\u00edas Romero, donde laboraba en el \u00e1rea de\nprensa. Despu\u00e9s de varias horas, apareci\u00f3 golpeado, aunque opt\u00f3 no denunciar su\nsecuestro expr\u00e9s.<\/p>\n\n\n\n<p>Con el del\nreportero, en este a\u00f1o han ocurrido por lo menos cuatro agresiones a\nperiodistas; sin embargo, ni estos casos ni los ocurridos en dos a\u00f1os y medio\ndel gobierno de Alejandro Murat Hinojosa, han sido esclarecidos.<\/p>\n\n\n\n<p>Como el de Tel\u00e9sforo\nSantiago Enr\u00edquez, quien termin\u00f3 sus labores en la radio comunitaria \u201cEst\u00e9reo\nCafetal La Voz Zapoteca\u201d que hab\u00eda fundado a\u00f1os atr\u00e1s, subi\u00f3 a su auto y\ncondujo a su casa en San Agust\u00edn Loxicha.<\/p>\n\n\n\n<p>Cerca de las\ncuatro de la tarde de ese jueves 2 de mayo de 2019, un comando intercept\u00f3 el\nviaje de Tel\u00e9sforo en el paraje \u201cEl Portillo de las Flores\u201d de este municipio\nde la Sierra Sur de Oaxaca. Los hombres armados dispararon a quemarropa y las\nbalas golpearon en su rostro y cuello. Lo mataron.<\/p>\n\n\n\n<p>Sin avances\ntambi\u00e9n en las indagatorias, las denuncias formales presentadas por la\nreportera del portal \u201cP\u00e1gina 3\u201d y MVM Televisi\u00f3n, Ana Luisa Cantoral, como la\nde media docena de comunicadores, entre ellos Flor Hern\u00e1ndez y Virgilio S\u00e1nchez.<\/p>\n\n\n\n<p>\u201c\u00a1C\u00f3mo es\nposible, yo fui el agredido por los transportistas de Pinotepa Nacional y ahora\nresulta que soy el acusado! \u00a1C\u00f3mo es posible que mi caso no lo haya retomado a\nla fecha la Fiscal\u00eda General del Estado y en cambio por la acusaci\u00f3n en mi\ncontra ya me llam\u00f3 a declarar!\u201d.<\/p>\n\n\n\n<p>El\nextra\u00f1amiento es del periodista Rufino Feria Bautista, quien el pasado 30 de\nmarzo fue golpeado cuando cubr\u00eda una manifestaci\u00f3n de taxistas y mototaxistas\nen Pinotepa, adem\u00e1s de haber sido amenazado de muerte.<\/p>\n\n\n\n<p>De inmediato\npuso su queja ante la Vicefiscal\u00eda Regional de la Costa, pero jam\u00e1s lo\nvolvieron a citar. La Unidad Especializada en Delitos Cometidos Contra la\nLibertad de Expresi\u00f3n de la Fiscal\u00eda, dijo que ir\u00eda a buscarlo a Pinotepa pero\njam\u00e1s sucedi\u00f3.<\/p>\n\n\n\n<p>Esta es una\nde las tantas historias de impunidad que prevalecen en Oaxaca en cuanto a los\nataques a la libertad de expresi\u00f3n y a los miembros de la prensa.<\/p>\n\n\n\n<p>CASOS\nIMPUNES<\/p>\n\n\n\n<p>Los cr\u00edmenes\ny las agresiones contra los periodistas en el estado se agravaron durante el\ngobierno de Alejandro Murat Hinojosa, seg\u00fan los datos de organismos de la\nsociedad civil, la Defensor\u00eda de los Humanos del Pueblo de Oaxaca (DDHPO) y la\ninformaci\u00f3n proporcionada por la Fiscal\u00eda General del Estado.<\/p>\n\n\n\n<p>En todos los\ncasos permea la impunidad. uno de ellos, el asesinato de Marcos Hern\u00e1ndez y que\napuntaba a una garant\u00eda de justicia, se desplom\u00f3 al poco tiempo: a este\nperiodista lo asesin\u00f3 un comandante de la Polic\u00eda Estatal y fue condenado a 40\na\u00f1os de prisi\u00f3n, pero en menos de dos a\u00f1os qued\u00f3 en libertad por errores en la\nintegraci\u00f3n de la carpeta de investigaci\u00f3n.<\/p>\n\n\n\n<p>De acuerdo\ncon la organizaci\u00f3n Art\u00edculo 19, en Oaxaca se documentaron 15 asesinatos de\nperiodistas entre 2000 y 2017.<\/p>\n\n\n\n<p>Algunos de\nellos son Alberto L\u00f3pez Bello, reportero de \u201cEl Imparcial\u201d; Octavio Rojas, del\nsemanario \u201cBuen Tono\u201d; Abel Manuel Bautista Reymundo, periodista en una radio\ncomunitaria en Juxtlahuaca; Armando Salda\u00f1a, del Diario de Veracruz pero\nasesinado en Cosolapa; Filadelfo S\u00e1nchez Sarmiento, de \u201cLa favorita\u201d de\nMiahuatl\u00e1n; Marcos Hern\u00e1ndez, reportero de \u201cNoticias\u201d.<\/p>\n\n\n\n<p>A estos le\nsiguieron el atentado sufrido por Jaime M\u00e9ndez P\u00e9rez, director del portal\ninformativo Agencia JM, su casa fue incendiada en diciembre de 2017 y el 21 de\nenero de 2018, el periodista Agust\u00edn Silva V\u00e1squez fue reportado como\ndesaparecido en Mat\u00edas Romero; quien a la fecha sigue sin aparecer. Mientras\nque el caso m\u00e1s reciente es el asesinato de Tel\u00e9sforo Santiago.<\/p>\n\n\n\n<p>De 2015 a la\nfecha, seg\u00fan datos de la DDHPO, se interpusieron 169 quejas de periodistas: 33\nen 2015, 47 en 2016, 56 en 2017, 30 en 2018 y tres en 2019; por los cuales se\nsolicitaron 79 medidas cautelares ante las autoridades responsables como la\nFiscal\u00eda General del Estado y la Secretar\u00eda de Seguridad P\u00fablica (SSP).<\/p>\n\n\n\n<p>REALIDAD\nREBASA CIFRAS<\/p>\n\n\n\n<p>Y\u00e9sica\nS\u00e1nchez Maya, dirigente de la organizaci\u00f3n Consorcio para el Di\u00e1logo\nParlamentario y la Equidad,- sin embargo- sostiene que las cifras reportadas\npor la Defensor\u00eda est\u00e1n muy por debajo de lo que ocurre en la realidad.&nbsp; <\/p>\n\n\n\n<p>Tan solo en\nel primer a\u00f1o del gobierno de Alejandro Murat, afirma, se registraron un total\nde 144 agresiones contra periodistas.<\/p>\n\n\n\n<p>Ese a\u00f1o,\ndetalla, 103 de las agresiones fueron contra hombres y 37 contra mujeres; las\nagresiones verbales contra ellas tuvieron connotaciones discriminatorias por\nser mujeres y por los ataques se emitieron 18 medidas cautelares para proteger\nla integridad f\u00edsica de 15 periodistas hombres, dos mujeres y una para las\ninstalaciones de un medio.<\/p>\n\n\n\n<p>\u201cOaxaca se\nencuentra entre los estados con mayor n\u00famero de agravios a periodistas,\nsuperado por Veracruz y la Ciudad de M\u00e9xico (\u2026).<\/p>\n\n\n\n<p>\u201cLos due\u00f1os\nde las empresas period\u00edsticas &#8211;entre ellos ex gobernadores y otros pol\u00edticos&#8211;\nse enriquecen de su complicidad con los gobiernos de manera ilegal, los\nperiodistas de a pie carecen de los m\u00ednimos derechos laborales y sociales, como\nservicios m\u00e9dicos y salario m\u00ednimo. De esta situaci\u00f3n se aprovechan los\npol\u00edticos y gobernantes para comprar, sobornar o someter a un sector de la\nprensa\u201d, sostiene la l\u00edder de Consorcio.<\/p>\n\n\n\n<p>Adem\u00e1s,\nasegura que la transici\u00f3n a la democracia fracas\u00f3 y nada cambi\u00f3 tras la\nalternancia pol\u00edtica de 2010, aunque ahora existan muchos protocolos y\ncomisiones que de nada sirven.<\/p>\n\n\n\n<p>Puntualiza\nque no ha servido para nada la creaci\u00f3n de la Fiscal\u00eda Especial para la\nAtenci\u00f3n de Delitos Cometidos contra la Libertad de Expresi\u00f3n, dependiente de\nla PGR, y el Mecanismo para la Protecci\u00f3n de Periodistas y Defensores de\nDerechos Humanos en M\u00e9xico y en Oaxaca, la Fiscal\u00eda de Investigaci\u00f3n de Delitos\nde Trascendencia Social, la Coordinaci\u00f3n para la Atenci\u00f3n de los Derechos\nHumanos del Poder Ejecutivo, y la Defensor\u00eda Especializada en Protecci\u00f3n a\nPeriodistas.<\/p>\n\n\n\n<p>\u201cTodas\nsirven para justificar su negligencia\u201d, afirma.<\/p>\n\n\n\n<p>Los\nprincipales agresores son servidores p\u00fablicos estatales, particulares,\nservidores p\u00fablicos municipales, organizaciones sociales o sindicales, polic\u00edas\nmunicipales, funcionarios de la Fiscal\u00eda General del Estado, la Polic\u00eda Estatal\ny la polic\u00eda municipal o alg\u00fan servidor p\u00fablico municipal.<\/p>\n\n\n\n<p>De las\nagresiones sobresalen hostigamiento, intimidaci\u00f3n, seguimiento, vigilancia y\npersecuci\u00f3n; seguidos de otras amenazas, la agresi\u00f3n f\u00edsica, amenazas de\nmuerte, intento de robo de equipo de trabajo o borrado de material, agresi\u00f3n\nverbal, robo de equipo o material de trabajo&nbsp;\ne incomunicaci\u00f3n.<\/p>\n\n\n\n<p>REZAGO DE 12\nA\u00d1OS<\/p>\n\n\n\n<p>La Fiscal\u00eda\nGeneral del Estado (antes Procuradur\u00eda General de Justicia), por su parte,\ninforma que desde 2007, tiene abiertas 69 averiguaciones previas por delitos\ncometidos contra periodistas; 10 de ellas por el delito de homicidio. A estas\nse suman las investigaciones por la desaparici\u00f3n de un periodista en el Istmo\nde Tehuantepec.<\/p>\n\n\n\n<p>De estas\ninvestigaciones por el asesinato de miembros de la prensa en el estado, tres se\nencuentran en proceso penal y cuatro averiguaciones en causa penal y del total\nde las carpetas de investigaci\u00f3n y averiguaciones previas abiertas, son 82 las\nv\u00edctimas o periodistas v\u00edctimas.<\/p>\n\n\n\n<p>En 2017 se\ncre\u00f3 la Unidad Especializada para los Delitos contra la Libertad de Expresi\u00f3n y\na quien estar\u00e1 a cargo de esta unidad.<\/p>\n\n\n\n<p>\u201cLa creaci\u00f3n\nde esta unidad especializada corresponde par tener resultados espec\u00edficos, con\nsujetos especializados en estos temas, que el trabajo se pueda medir en funci\u00f3n\nde los resultados\u201d, detalla la Fiscal\u00eda.<\/p>\n\n\n\n<p>Y advierte\nque en tan s\u00f3lo siete meses despu\u00e9s de creada se presentaron un total de 28\ndenuncias por periodistas, la mayor\u00eda por delitos de amenazas y robos; a la\ncabeza se encuentra la regi\u00f3n Valles Centrales con 19 denuncias, cinco en el\nIstmo de Tehuantepec y cuatro en la Costa.<\/p>\n\n\n\n<p>En la\nhistoria reciente de Oaxaca, el sexenio de Gabino Cu\u00e9 Monteagudo fue el m\u00e1s\nfatal para la prensa en el estado: seis periodistas fueron asesinados en el\n\u00faltimo a\u00f1o de su gobierno y en toda su administraci\u00f3n, sumaron un total de 11\nperiodistas asesinados.<\/p>\n\n\n\n<p>Para el\ntitular de la DDHPO, Arturo Peimbert Calvo, el discurso oficial para la\nprotecci\u00f3n de los periodistas es s\u00f3lo ret\u00f3rico y a veces demag\u00f3gico.<\/p>\n\n\n\n<p>En M\u00e9xico,\nexplica, se tiene un mecanismo de protecci\u00f3n a periodistas que no funciona y en\nOaxaca no existen mecanismos de protecci\u00f3n. \u201cLo \u00fanico que hay son las medidas\ncautelares pero estas se han aprendido a litigar, es decir, las autoridades las\naceptan pero no quiere decir que las cumplan\u201d, apunta.<\/p>\n\n\n\n<p>El reci\u00e9n\nnombrado titular de la DDHPO, Bernardo Rodr\u00edguez Alamilla, coincide con su\nantecesor. Alrededor del 90 por ciento, dice, de casos en las carpetas de\ninvestigaci\u00f3n abiertas por estos ataques en la Fiscal\u00eda General del Estado,\nsiguen sin concluirse o llevarse ante la justicia a los responsables.<\/p>\n\n\n\n<p>\u201cSi a estos\ndatos les sumamos el clima de impunidad, tenemos un caldo de cultivo ideal para\nque siga esa escalada de violencia ante quienes ejercen la labor period\u00edstica\u201d,\nafirma.<\/p>\n\n\n\n<p>El Estado,\nagrega, tiene la obligaci\u00f3n de proteger la vida de quienes ejercen su derecho a\nla libre expresi\u00f3n y son responsables de investigar exhaustivamente y enjuiciar\na quienes vulneran estos derechos.<\/p>\n\n\n\n<p>MUCHOS\nINTERESES<\/p>\n\n\n\n<p>Flor\nHern\u00e1ndez, actual directora general de Newsweek Oaxaca \u2013 quien recientemente\nrecibi\u00f3 amenazas de muerte junto con otro grupo de periodistas \u2013 manifiesta que\nel periodista en el estado se encuentra entre muchos fuegos: el narcotr\u00e1fico,\nlas autoridades y sus \u201cmuchas cabezas\u201d, los peque\u00f1os caciques y los \u201cfuegos\neditoriales\u201d, es decir, los intereses econ\u00f3micos de las empresas para las\ncuales trabajan.<\/p>\n\n\n\n<p>\u201cEs una\nsituaci\u00f3n bien complicada y aunque una nota sea la mejor no vale la vida. \u00bfQu\u00e9\nse puede hacer? Requerimos el respaldo social y para ello, los periodistas\ndebemos volver a escribir para la gente y no s\u00f3lo para los pol\u00edticos\u201d, opina.<\/p>\n\n\n\n<p>Periodistas\noaxaque\u00f1os consultados &#8211;quienes pidieron no mencionar sus nombres \u2013 advierten\ntambi\u00e9n sobre la infiltraci\u00f3n de \u201corejas\u201d (empleados del distintas dependencias\nde gobierno que se mezclan como periodistas), la impunidad en los casos y la\nineficiencia de la Fiscal\u00eda para investigar, el crecimiento del crimen\norganizado en Oaxaca y el incremento de la violencia y amenazas en redes\nsociales, as\u00ed como el mal manejo de la informaci\u00f3n.<\/p>\n\n\n\n<p>Art\u00edculo 19\nen su informe \u201cAnte el silencio, ni borr\u00f3n ni cuenta nueva\u201d presentado el 2 de\nabril de 2019, la violencia contra la prensa se dispar\u00f3 durante la presidencia\nde Felipe Calder\u00f3n Hinojosa con la llamada \u201cguerra contra el narcotr\u00e1\ufb01co\u201d, pero\nen el \u00faltimo sexenio \u00e9sta se expandi\u00f3 por todo el pa\u00eds.<\/p>\n\n\n\n<p>sostiene que\nel pa\u00eds que dej\u00f3 Enrique Pe\u00f1a Nieto es el m\u00e1s peligroso para ejercer el\nperiodismo en el continente. A lo largo de su sexenio se cometieron 47\nasesinatos, cuatro desapariciones y un total de dos mil 502agresiones.<\/p>\n\n\n\n<p>El 2 de mayo\nde 2019 el cuerpo de Tel\u00e9sforo Santiago qued\u00f3 en el interior de su auto.\nPeimbert Calvo revela que ya hab\u00eda advertencias y denuncias sobre la seguridad\npara este periodista y activista social de San Agust\u00edn Loxicha: \u201cEl Estado\nfall\u00f3, no pudo protegerlo y hoy est\u00e1 muerto\u201d, recalca el ex titular de la\nDDHPO.<\/p>\n","protected":false},"excerpt":{"rendered":"<p>Redacci\u00f3n\/Especial Oaxaca de Ju\u00e1rez, Oax., 7 de junio de 2019.- La v\u00edspera hab\u00edan difundido su&hellip;<\/p>\n","protected":false},"author":2,"featured_media":0,"comment_status":"closed","ping_status":"open","sticky":false,"template":"","format":"standard","meta":{"_lmt_disableupdate":"","_lmt_disable":"","_jetpack_memberships_contains_paid_content":false,"footnotes":""},"categories":[51],"tags":[69,68],"class_list":["post-1561","post","type-post","status-publish","format-standard","hentry","category-zona-roja","tag-libertad-de-expresion","tag-periodismo"],"jetpack_featured_media_url":"","jetpack_sharing_enabled":true,"_links":{"self":[{"href":"https:\/\/zonaroja.com.mx\/index.php?rest_route=\/wp\/v2\/posts\/1561","targetHints":{"allow":["GET"]}}],"collection":[{"href":"https:\/\/zonaroja.com.mx\/index.php?rest_route=\/wp\/v2\/posts"}],"about":[{"href":"https:\/\/zonaroja.com.mx\/index.php?rest_route=\/wp\/v2\/types\/post"}],"author":[{"embeddable":true,"href":"https:\/\/zonaroja.com.mx\/index.php?rest_route=\/wp\/v2\/users\/2"}],"replies":[{"embeddable":true,"href":"https:\/\/zonaroja.com.mx\/index.php?rest_route=%2Fwp%2Fv2%2Fcomments&post=1561"}],"version-history":[{"count":1,"href":"https:\/\/zonaroja.com.mx\/index.php?rest_route=\/wp\/v2\/posts\/1561\/revisions"}],"predecessor-version":[{"id":1563,"href":"https:\/\/zonaroja.com.mx\/index.php?rest_route=\/wp\/v2\/posts\/1561\/revisions\/1563"}],"wp:attachment":[{"href":"https:\/\/zonaroja.com.mx\/index.php?rest_route=%2Fwp%2Fv2%2Fmedia&parent=1561"}],"wp:term":[{"taxonomy":"category","embeddable":true,"href":"https:\/\/zonaroja.com.mx\/index.php?rest_route=%2Fwp%2Fv2%2Fcategories&post=1561"},{"taxonomy":"post_tag","embeddable":true,"href":"https:\/\/zonaroja.com.mx\/index.php?rest_route=%2Fwp%2Fv2%2Ftags&post=1561"}],"curies":[{"name":"wp","href":"https:\/\/api.w.org\/{rel}","templated":true}]}}