{"id":15612,"date":"2020-07-29T18:24:01","date_gmt":"2020-07-29T23:24:01","guid":{"rendered":"http:\/\/www.zonaroja.com.mx\/?p=15612"},"modified":"2020-07-29T18:24:04","modified_gmt":"2020-07-29T23:24:04","slug":"grupos-pro-vida-en-oaxaca-dicen-no-al-aborto-scjn-rechazo-despenalizacion-en-veracruz","status":"publish","type":"post","link":"https:\/\/zonaroja.com.mx\/?p=15612","title":{"rendered":"Grupos Pro Vida en Oaxaca dicen no al aborto; SCJN rechaz\u00f3 despenalizaci\u00f3n en Veracruz"},"content":{"rendered":"\n<p>Evlin\nArag\u00f3n\/Zona Roja.<\/p>\n\n\n\n<p>Oaxaca de\nJu\u00e1rez, Oax., 29 de julio de 2020.- Grupos autodenominados Pro Vida se\npronunciaron esta ma\u00f1ana en la capital de Oaxaca para hacer evidente su rechazo\nante la posibilidad de que la Suprema Corte de Justicia de la Naci\u00f3n (SCJN)\ndetermine la penalizaci\u00f3n del aborto como una violaci\u00f3n de los derechos humanos\nde las mujeres en el vecino estado de Veracruz.&nbsp;\n<\/p>\n\n\n\n<p>Posteriormente,\npor mayor\u00eda de votos de los ministros, la Corte rechaz\u00f3 despenalizar el aborto\nen la entidad veracruzana.<\/p>\n\n\n\n<p>En la\ncapital de Oaxaca, por la ma\u00f1ana grupos a favor de la vida efectuaron una\ncaravana de la fuente de las Ocho Regiones al centro, en que calificaron de\ngravemente discriminatorio para la persona humana no nacida en estado\nembrionario o fetal, considerar su vida menos valiosa que el de una persona\nadulta. <\/p>\n\n\n\n<p>\u201cLevantamos\nla voz para decir fuerte y claro que rechazamos cualquier intento de hacer\nlegal lo que siempre ser\u00e1 un crimen\u201d, sentenciaron a la par que exigieron a la\nSuprema Corte de Justicia actuar con autonom\u00eda en sus funciones y no someterse\na los intereses de la secretaria de Gobernaci\u00f3n, Olga S\u00e1nchez Cordero, quien\npretende imponer una ideolog\u00eda de g\u00e9nero en el pa\u00eds.&nbsp; <\/p>\n\n\n\n<p>Explicaron que el inter\u00e9s general de la sociedad no est\u00e1 suficientemente garantizado cuando se reconoce el derecho a suprimir la vida de los individuos m\u00e1s vulnerables, por lo que se pronunciaron en contra del proyecto presentado a la Primera Sala por el ministro Juan Luis Gonz\u00e1lez Alc\u00e1ntara Carranc\u00e1. <\/p>\n\n\n\n<figure class=\"wp-block-embed-twitter wp-block-embed is-type-rich is-provider-twitter\"><div class=\"wp-block-embed__wrapper\">\n<div class=\"twitter-tweet\"><blockquote class=\"twitter-tweet\" data-lang=\"es\"><p lang=\"es\" dir=\"ltr\">Este mi\u00e9rcoles, el Frente Nacional por la Familia en <a href=\"https:\/\/twitter.com\/hashtag\/Oaxaca?src=hash&amp;ref_src=twsrc%5Etfw\">#Oaxaca<\/a> protest\u00f3 en la capital para exigir a los ministros de la <a href=\"https:\/\/twitter.com\/SCJN?ref_src=twsrc%5Etfw\">@SCJN<\/a> no aprobar la despenalizaci\u00f3n del aborto en <a href=\"https:\/\/twitter.com\/hashtag\/Veracruz?src=hash&amp;ref_src=twsrc%5Etfw\">#Veracruz<\/a>, lo que allanar\u00eda el aval en otros estados del pa\u00eds. Al final la despenalizaci\u00f3n fue desechada. <a href=\"https:\/\/t.co\/wD7ex64D9u\">pic.twitter.com\/wD7ex64D9u<\/a><\/p>&mdash; Zona Roja Oaxaca (@MexRoja) <a href=\"https:\/\/twitter.com\/MexRoja\/status\/1288603654073843715?ref_src=twsrc%5Etfw\">29 de julio de 2020<\/a><\/blockquote><\/div>\n<\/div><\/figure>\n\n\n\n<p>De acuerdo\ncon su interpretaci\u00f3n, el proyecto jur\u00eddico no contempla los datos cient\u00edficos\nsobre los que se pretende legislar ni las consecuencias \u00e9ticas del mismo,\nutilizando las nociones \u00abembri\u00f3n y \u00abfeto\u00bb en un nivel superfluo,\nque no se reducen a un c\u00famulo de c\u00e9lulas a-sist\u00e9micas o desorganizadas, ni son\nuna parte u \u00f3rgano del cuerpo de la madre. <\/p>\n\n\n\n<p>Calificaron\nla iniciativa como fuera de lugar, debido a la contingencia sanitaria que se\nvive en estos momentos en el pa\u00eds, y asintieron que es evidente que el proyecto\nresponde al inter\u00e9s pol\u00edtico de quienes no han podido imponer la agenda de\ng\u00e9nero a trav\u00e9s de los congresos locales y hoy pretenden hacerlo pervirtiendo\nla ley y sometiendo a la Corte. <\/p>\n\n\n\n<p>Finalmente\nreprocharon que las discusiones se pretendan realizar sin un debate en el que\nse escuche a quienes defienden la vida desde el momento de la concepci\u00f3n. <\/p>\n\n\n\n<p>Dentro de\nlas organizaciones participantes en esta actividad se encuentran el Movimiento\nC\u00edvico Oaxaca, \u00c1rea M\u00e9dica por la Vida Red Familia, Frente Nacional por la\nFamilia, Mujeres al Frente Construyendo la Paz, Uni\u00f3n Nacional de Padres de\nFamilia, entre otras. <\/p>\n\n\n\n<p>En Oaxaca,\ndesde septiembre del 2019, se despenaliz\u00f3 la interrupci\u00f3n del embarazo, antes\nde las 12 semanas de gestaci\u00f3n, convirti\u00e9ndose en la segunda entidad con este\ntipo de legislaci\u00f3n en el pa\u00eds en la que se respeta la decisi\u00f3n de las mujeres\nde elegir sobre su cuerpo.&nbsp; <\/p>\n","protected":false},"excerpt":{"rendered":"<p>Evlin Arag\u00f3n\/Zona Roja. Oaxaca de Ju\u00e1rez, Oax., 29 de julio de 2020.- Grupos autodenominados Pro&hellip;<\/p>\n","protected":false},"author":2,"featured_media":15613,"comment_status":"closed","ping_status":"open","sticky":false,"template":"","format":"standard","meta":{"_lmt_disableupdate":"","_lmt_disable":"","_jetpack_memberships_contains_paid_content":false,"footnotes":""},"categories":[109,47],"tags":[1869],"class_list":["post-15612","post","type-post","status-publish","format-standard","has-post-thumbnail","hentry","category-minuto-a-minuto","category-zona-gris","tag-rechazo-en-oaxaca-al-aborto"],"jetpack_featured_media_url":"https:\/\/zonaroja.com.mx\/wp-content\/uploads\/2020\/07\/Protestas-grupos-Pro-Vida.jpg","jetpack_sharing_enabled":true,"_links":{"self":[{"href":"https:\/\/zonaroja.com.mx\/index.php?rest_route=\/wp\/v2\/posts\/15612","targetHints":{"allow":["GET"]}}],"collection":[{"href":"https:\/\/zonaroja.com.mx\/index.php?rest_route=\/wp\/v2\/posts"}],"about":[{"href":"https:\/\/zonaroja.com.mx\/index.php?rest_route=\/wp\/v2\/types\/post"}],"author":[{"embeddable":true,"href":"https:\/\/zonaroja.com.mx\/index.php?rest_route=\/wp\/v2\/users\/2"}],"replies":[{"embeddable":true,"href":"https:\/\/zonaroja.com.mx\/index.php?rest_route=%2Fwp%2Fv2%2Fcomments&post=15612"}],"version-history":[{"count":1,"href":"https:\/\/zonaroja.com.mx\/index.php?rest_route=\/wp\/v2\/posts\/15612\/revisions"}],"predecessor-version":[{"id":15614,"href":"https:\/\/zonaroja.com.mx\/index.php?rest_route=\/wp\/v2\/posts\/15612\/revisions\/15614"}],"wp:featuredmedia":[{"embeddable":true,"href":"https:\/\/zonaroja.com.mx\/index.php?rest_route=\/wp\/v2\/media\/15613"}],"wp:attachment":[{"href":"https:\/\/zonaroja.com.mx\/index.php?rest_route=%2Fwp%2Fv2%2Fmedia&parent=15612"}],"wp:term":[{"taxonomy":"category","embeddable":true,"href":"https:\/\/zonaroja.com.mx\/index.php?rest_route=%2Fwp%2Fv2%2Fcategories&post=15612"},{"taxonomy":"post_tag","embeddable":true,"href":"https:\/\/zonaroja.com.mx\/index.php?rest_route=%2Fwp%2Fv2%2Ftags&post=15612"}],"curies":[{"name":"wp","href":"https:\/\/api.w.org\/{rel}","templated":true}]}}