{"id":15620,"date":"2020-07-29T20:51:38","date_gmt":"2020-07-30T01:51:38","guid":{"rendered":"http:\/\/www.zonaroja.com.mx\/?p=15620"},"modified":"2020-07-29T20:51:43","modified_gmt":"2020-07-30T01:51:43","slug":"funeraria-en-santa-rosa-panzacola-pretendia-operar-sin-permiso-municipal","status":"publish","type":"post","link":"https:\/\/zonaroja.com.mx\/?p=15620","title":{"rendered":"Funeraria en Santa Rosa Panzacola pretend\u00eda operar sin permiso municipal"},"content":{"rendered":"\n<p>Yuridiana\nSosa\/Zona Roja.<\/p>\n\n\n\n<p>Oaxaca de\nJu\u00e1rez, Oax., 29 de julio de 2020.- La funeraria que se instal\u00f3 en la colonia\ndel Maestro en la agencia de Santa Rosa Panzacola en la capital de Oaxaca, no\npodr\u00e1 continuar con actividades hasta que no tramite la licencia\ncorrespondiente para su funcionamiento.<\/p>\n\n\n\n<p>As\u00ed lo dio a\nconocer la Subdirecci\u00f3n de Regulaci\u00f3n de la Actividad Empresarial, del\nayuntamiento de Oaxaca de Ju\u00e1rez, que a trav\u00e9s de una inspecci\u00f3n al\nestablecimiento ubicado en la calle de Jaime Torres Bodet n\u00famero 401-A,\nconstat\u00f3 que no cuenta con c\u00e9dula de inspecci\u00f3n al padr\u00f3n fiscal municipal.<\/p>\n\n\n\n<p>La empresa, presuntamente perteneciente a funerarias \u201cCh\u00e1vez\u201d trat\u00f3 de comenzar actividades recientemente, pero los vecinos de la colonia se manifestaron el lunes pasado contra su operatividad, pues ten\u00eda conocimiento de la falta de permisos, adem\u00e1s de los riesgos que representan para la comunidad en caso de funcionar como crematorio de cuerpos Covid-19.<\/p>\n\n\n\n<figure class=\"wp-block-image\"><img decoding=\"async\" width=\"598\" height=\"753\" src=\"http:\/\/www.zonaroja.com.mx\/wp-content\/uploads\/2020\/07\/Funeraria-Santa-Rosa-Panzacola.jpg\" alt=\"\" class=\"wp-image-15621\" srcset=\"https:\/\/zonaroja.com.mx\/wp-content\/uploads\/2020\/07\/Funeraria-Santa-Rosa-Panzacola.jpg 598w, https:\/\/zonaroja.com.mx\/wp-content\/uploads\/2020\/07\/Funeraria-Santa-Rosa-Panzacola-238x300.jpg 238w, https:\/\/zonaroja.com.mx\/wp-content\/uploads\/2020\/07\/Funeraria-Santa-Rosa-Panzacola-585x737.jpg 585w\" sizes=\"(max-width: 598px) 100vw, 598px\" \/><\/figure>\n\n\n\n<p>La autoridad\nmunicipal indic\u00f3 que por demanda ciudadana, acudi\u00f3 al lugar sin denominaci\u00f3n,\ncon el giro de exhibici\u00f3n y venta de ata\u00fades sin capilla, pero no localiz\u00f3 a\nninguna persona.<\/p>\n\n\n\n<p>Esta\nempresa, junto con otro grupo de propietarios de funerarias, realizaron este\nmartes una jornada violenta de protestas, con bloqueos en distintos puntos del\nCentro Hist\u00f3rico, en que adem\u00e1s agredieron a dos periodistas, Ernesto Rojas\nAyuzo y Oth\u00f3n Garc\u00eda D\u00edaz.<\/p>\n\n\n\n<p>Bajo el\nargumento de querer trabajar sin discriminaci\u00f3n por parte de ciudadan\u00eda, ni ser\nviolentados al ser se\u00f1alados focos de contagios, los trabajadores funerarios\ncomenzaron con la manifestaci\u00f3n, pero tambi\u00e9n exigieron a los Servicios de\nSalud de Oaxaca y la Secretar\u00eda General de Gobierno la autorizaci\u00f3n m\u00e1s\nestablecimientos funerarios y crematorios en la capital del estado.<\/p>\n","protected":false},"excerpt":{"rendered":"<p>Yuridiana Sosa\/Zona Roja. Oaxaca de Ju\u00e1rez, Oax., 29 de julio de 2020.- La funeraria que&hellip;<\/p>\n","protected":false},"author":2,"featured_media":15622,"comment_status":"closed","ping_status":"open","sticky":false,"template":"","format":"standard","meta":{"_lmt_disableupdate":"","_lmt_disable":"","_jetpack_memberships_contains_paid_content":false,"footnotes":""},"categories":[109,47],"tags":[],"class_list":["post-15620","post","type-post","status-publish","format-standard","has-post-thumbnail","hentry","category-minuto-a-minuto","category-zona-gris"],"jetpack_featured_media_url":"https:\/\/zonaroja.com.mx\/wp-content\/uploads\/2020\/07\/Funeraria-Santa-Rosa-Panzacola.png","jetpack_sharing_enabled":true,"_links":{"self":[{"href":"https:\/\/zonaroja.com.mx\/index.php?rest_route=\/wp\/v2\/posts\/15620","targetHints":{"allow":["GET"]}}],"collection":[{"href":"https:\/\/zonaroja.com.mx\/index.php?rest_route=\/wp\/v2\/posts"}],"about":[{"href":"https:\/\/zonaroja.com.mx\/index.php?rest_route=\/wp\/v2\/types\/post"}],"author":[{"embeddable":true,"href":"https:\/\/zonaroja.com.mx\/index.php?rest_route=\/wp\/v2\/users\/2"}],"replies":[{"embeddable":true,"href":"https:\/\/zonaroja.com.mx\/index.php?rest_route=%2Fwp%2Fv2%2Fcomments&post=15620"}],"version-history":[{"count":1,"href":"https:\/\/zonaroja.com.mx\/index.php?rest_route=\/wp\/v2\/posts\/15620\/revisions"}],"predecessor-version":[{"id":15623,"href":"https:\/\/zonaroja.com.mx\/index.php?rest_route=\/wp\/v2\/posts\/15620\/revisions\/15623"}],"wp:featuredmedia":[{"embeddable":true,"href":"https:\/\/zonaroja.com.mx\/index.php?rest_route=\/wp\/v2\/media\/15622"}],"wp:attachment":[{"href":"https:\/\/zonaroja.com.mx\/index.php?rest_route=%2Fwp%2Fv2%2Fmedia&parent=15620"}],"wp:term":[{"taxonomy":"category","embeddable":true,"href":"https:\/\/zonaroja.com.mx\/index.php?rest_route=%2Fwp%2Fv2%2Fcategories&post=15620"},{"taxonomy":"post_tag","embeddable":true,"href":"https:\/\/zonaroja.com.mx\/index.php?rest_route=%2Fwp%2Fv2%2Ftags&post=15620"}],"curies":[{"name":"wp","href":"https:\/\/api.w.org\/{rel}","templated":true}]}}