{"id":15624,"date":"2020-07-29T21:09:52","date_gmt":"2020-07-30T02:09:52","guid":{"rendered":"http:\/\/www.zonaroja.com.mx\/?p=15624"},"modified":"2020-07-29T21:09:54","modified_gmt":"2020-07-30T02:09:54","slug":"fortalece-poder-judicial-capacitacion-de-operadores-del-sistema-de-justicia","status":"publish","type":"post","link":"https:\/\/zonaroja.com.mx\/?p=15624","title":{"rendered":"Fortalece Poder Judicial capacitaci\u00f3n de operadores del sistema de justicia"},"content":{"rendered":"\n<p>Redacci\u00f3n\/Zona\nRoja.<\/p>\n\n\n\n<p>Oaxaca de\nJu\u00e1rez, Oax., 29 de julio de 2020.- A trav\u00e9s del diplomado en l\u00ednea\n\u00abDerechos Humanos en la Pr\u00e1ctica\u00bb, los Poderes Judiciales de Oaxaca,\nChiapas y Guerrero en coordinaci\u00f3n con la Asociaci\u00f3n Civil Asistencia Legal por\nlos Derechos Humanos (Asilegal), contin\u00faan fortaleciendo la capacitaci\u00f3n de las\noperadoras y operadores del sistema de justicia.<\/p>\n\n\n\n<p>En el curso\nespecializado que comprende 120 horas de trabajo en la modalidad virtual,\ninici\u00f3 el pasado 13 de julio y concluir\u00e1 el 13 de septiembre, con la\nparticipaci\u00f3n de aproximadamente mil 500 operadores y administradores de\njusticia de esas tres entidades, quienes se actualizar\u00e1n en contenidos te\u00f3ricos\ny ejercicios que permitan analizar situaciones desde la perspectiva de derechos\nhumanos, g\u00e9nero e interseccionalidad.<\/p>\n\n\n\n<p>Los m\u00f3dulos\nse imparten de manera gratuita por especialistas de Asistencia Legal, una\norganizaci\u00f3n no gubernamental que desde hace 14 a\u00f1os trabaja en la defensa,\npromoci\u00f3n y difusi\u00f3n de los derechos humanos de grupos en situaci\u00f3n de\nvulnerabilidad, con la cual, el titular del Poder Judicial de Oaxaca,\nMagistrado Eduardo Pinacho S\u00e1nchez firm\u00f3 un convenio de colaboraci\u00f3n.<\/p>\n\n\n\n<p>Al respecto,\nel director de Asilegal, Jos\u00e9 Luis Guti\u00e9rrez consider\u00f3 que el desarrollo del\ndiplomado, de manera conjunta, representa una oportunidad de aportar y generar\nacciones que contribuyan a la eficiente administraci\u00f3n de justicia en las tres\nentidades participantes, con \u00e9nfasis en la ejecuci\u00f3n penal y la implementaci\u00f3n\nde est\u00e1ndares internacionales de protecci\u00f3n de los derechos humanos de las\npersonas en conflicto con la ley penal.<\/p>\n\n\n\n<p>En Oaxaca\ncoexisten 16 pueblos ind\u00edgenas, el 24 por ciento del total nacional, a los\ncuales se adscriben dos terceras partes de la poblaci\u00f3n, con 570 municipios de\nlos cuales 417 se rigen por sistemas normativos ind\u00edgenas que rigen a miles de\ncomunidades, por lo cual es fundamental una impartici\u00f3n de justicia con visi\u00f3n\npluralista.<\/p>\n","protected":false},"excerpt":{"rendered":"<p>Redacci\u00f3n\/Zona Roja. Oaxaca de Ju\u00e1rez, Oax., 29 de julio de 2020.- A trav\u00e9s del diplomado&hellip;<\/p>\n","protected":false},"author":2,"featured_media":15625,"comment_status":"closed","ping_status":"open","sticky":false,"template":"","format":"standard","meta":{"_lmt_disableupdate":"","_lmt_disable":"","_jetpack_memberships_contains_paid_content":false,"footnotes":""},"categories":[109,46],"tags":[223],"class_list":["post-15624","post","type-post","status-publish","format-standard","has-post-thumbnail","hentry","category-minuto-a-minuto","category-zona-blanca","tag-poder-judicial-de-oaxaca"],"jetpack_featured_media_url":"https:\/\/zonaroja.com.mx\/wp-content\/uploads\/2020\/07\/DIPLOMADO-DERECHOS-HUMANOS-1.jpg","jetpack_sharing_enabled":true,"_links":{"self":[{"href":"https:\/\/zonaroja.com.mx\/index.php?rest_route=\/wp\/v2\/posts\/15624","targetHints":{"allow":["GET"]}}],"collection":[{"href":"https:\/\/zonaroja.com.mx\/index.php?rest_route=\/wp\/v2\/posts"}],"about":[{"href":"https:\/\/zonaroja.com.mx\/index.php?rest_route=\/wp\/v2\/types\/post"}],"author":[{"embeddable":true,"href":"https:\/\/zonaroja.com.mx\/index.php?rest_route=\/wp\/v2\/users\/2"}],"replies":[{"embeddable":true,"href":"https:\/\/zonaroja.com.mx\/index.php?rest_route=%2Fwp%2Fv2%2Fcomments&post=15624"}],"version-history":[{"count":1,"href":"https:\/\/zonaroja.com.mx\/index.php?rest_route=\/wp\/v2\/posts\/15624\/revisions"}],"predecessor-version":[{"id":15626,"href":"https:\/\/zonaroja.com.mx\/index.php?rest_route=\/wp\/v2\/posts\/15624\/revisions\/15626"}],"wp:featuredmedia":[{"embeddable":true,"href":"https:\/\/zonaroja.com.mx\/index.php?rest_route=\/wp\/v2\/media\/15625"}],"wp:attachment":[{"href":"https:\/\/zonaroja.com.mx\/index.php?rest_route=%2Fwp%2Fv2%2Fmedia&parent=15624"}],"wp:term":[{"taxonomy":"category","embeddable":true,"href":"https:\/\/zonaroja.com.mx\/index.php?rest_route=%2Fwp%2Fv2%2Fcategories&post=15624"},{"taxonomy":"post_tag","embeddable":true,"href":"https:\/\/zonaroja.com.mx\/index.php?rest_route=%2Fwp%2Fv2%2Ftags&post=15624"}],"curies":[{"name":"wp","href":"https:\/\/api.w.org\/{rel}","templated":true}]}}