{"id":15627,"date":"2020-07-29T21:18:19","date_gmt":"2020-07-30T02:18:19","guid":{"rendered":"http:\/\/www.zonaroja.com.mx\/?p=15627"},"modified":"2020-07-29T21:18:22","modified_gmt":"2020-07-30T02:18:22","slug":"a-cerrar-filas-por-la-4t-llama-othon-cuevas-a-morenistas-y-opositores","status":"publish","type":"post","link":"https:\/\/zonaroja.com.mx\/?p=15627","title":{"rendered":"A cerrar filas por la 4T, llama Oth\u00f3n Cuevas a morenistas y opositores"},"content":{"rendered":"\n<p>Yuridiana\nSosa\/ Zona Roja.<\/p>\n\n\n\n<p>Oaxaca de\nJu\u00e1rez, Oax., 29 de julio de 2020.- Desde el recinto legislativo, el diputado\nlocal por Morena, Oth\u00f3n Cuevas C\u00f3rdova, se manifest\u00f3 en apoy\u00f3 al trabajo\npresidencial del mandatario Andr\u00e9s Manuel L\u00f3pez Obrador por Oaxaca, el cual\ndebe ser respaldado por el esfuerzo de todos diputados, dijo.<\/p>\n\n\n\n<p>En su\nintervenci\u00f3n durante la sesi\u00f3n ordinaria de la 64 Legislatura, el diputado\nllam\u00f3 a sus hom\u00f3logos, de Morena y de partidos contrarios, a estar \u201ca la altura\nde las circunstancias\u201d para lograr la transformaci\u00f3n en la entidad.<\/p>\n\n\n\n<p>Se\u00f1al\u00f3 que los esfuerzos alcanzados no se pueden mitigar, ni regatear en luchas internas, por lo que los exhort\u00f3 a seguir trabajando y aprovechar la oportunidad que el pueblo les brind\u00f3 para representarlos, llevando a la pr\u00e1ctica la coherencia, la honestidad y el ejemplo del mandatario nacional.<\/p>\n\n\n\n<figure class=\"wp-block-embed-twitter wp-block-embed is-type-rich is-provider-twitter\"><div class=\"wp-block-embed__wrapper\">\n<div class=\"twitter-tweet\"><blockquote class=\"twitter-tweet\" data-lang=\"es\"><p lang=\"es\" dir=\"ltr\">En  la sesi\u00f3n del <a href=\"https:\/\/twitter.com\/CongresoOaxLXIV?ref_src=twsrc%5Etfw\">@CongresoOaxLXIV<\/a> de este mi\u00e9rcoles, el diputado <a href=\"https:\/\/twitter.com\/othoncuevas?ref_src=twsrc%5Etfw\">@othoncuevas<\/a> destac\u00f3 la visita a Oaxaca del Presidente <a href=\"https:\/\/twitter.com\/lopezobrador_?ref_src=twsrc%5Etfw\">@lopezobrador_<\/a> y pidi\u00f3 a morenistas y opositores reconocer las acciones y apoyos del mandatario federal a la entidad. <a href=\"https:\/\/t.co\/Z5lokPGaE8\">pic.twitter.com\/Z5lokPGaE8<\/a><\/p>&mdash; Zona Roja Oaxaca (@MexRoja) <a href=\"https:\/\/twitter.com\/MexRoja\/status\/1288570739923197952?ref_src=twsrc%5Etfw\">29 de julio de 2020<\/a><\/blockquote><\/div>\n<\/div><\/figure>\n\n\n\n<p>A los\npartidos opositores de Morena dijo: \u201clos exhorto a cerrar filas y que no s\u00f3lo\ncon funcionarios estatales aparezcan las fotos a un lado del Presidente y que\nen la pr\u00e1ctica sigan exactamente igual que antes\u201d.<\/p>\n\n\n\n<p>Asever\u00f3 que\nla visita de L\u00f3pez Obrador el fin de semana es una muestra del compromiso que\nel presidente adquiri\u00f3 con Oaxaca durante campa\u00f1a, adem\u00e1s, demostr\u00f3 que a\u00fan en\nmedio de la pandemia se puede seguir trabajando en apego a las medidas\nsanitarias correspondientes.<\/p>\n\n\n\n<p>\u201cComo\nmilitantes del partido de la coalici\u00f3n, que le dio el triunfo, quiero extender\nmi m\u00e1s firme reconocimiento y compromiso como diputado obradorista\u201d, expres\u00f3\nOth\u00f3n Cuevas.<\/p>\n","protected":false},"excerpt":{"rendered":"<p>Yuridiana Sosa\/ Zona Roja. Oaxaca de Ju\u00e1rez, Oax., 29 de julio de 2020.- Desde el&hellip;<\/p>\n","protected":false},"author":2,"featured_media":15628,"comment_status":"closed","ping_status":"open","sticky":false,"template":"","format":"standard","meta":{"_lmt_disableupdate":"","_lmt_disable":"","_jetpack_memberships_contains_paid_content":false,"footnotes":""},"categories":[109,46],"tags":[1311],"class_list":["post-15627","post","type-post","status-publish","format-standard","has-post-thumbnail","hentry","category-minuto-a-minuto","category-zona-blanca","tag-othon-cuevas-cordova"],"jetpack_featured_media_url":"https:\/\/zonaroja.com.mx\/wp-content\/uploads\/2020\/07\/Oth\u00f3n-Cuevas-C.png","jetpack_sharing_enabled":true,"_links":{"self":[{"href":"https:\/\/zonaroja.com.mx\/index.php?rest_route=\/wp\/v2\/posts\/15627","targetHints":{"allow":["GET"]}}],"collection":[{"href":"https:\/\/zonaroja.com.mx\/index.php?rest_route=\/wp\/v2\/posts"}],"about":[{"href":"https:\/\/zonaroja.com.mx\/index.php?rest_route=\/wp\/v2\/types\/post"}],"author":[{"embeddable":true,"href":"https:\/\/zonaroja.com.mx\/index.php?rest_route=\/wp\/v2\/users\/2"}],"replies":[{"embeddable":true,"href":"https:\/\/zonaroja.com.mx\/index.php?rest_route=%2Fwp%2Fv2%2Fcomments&post=15627"}],"version-history":[{"count":1,"href":"https:\/\/zonaroja.com.mx\/index.php?rest_route=\/wp\/v2\/posts\/15627\/revisions"}],"predecessor-version":[{"id":15629,"href":"https:\/\/zonaroja.com.mx\/index.php?rest_route=\/wp\/v2\/posts\/15627\/revisions\/15629"}],"wp:featuredmedia":[{"embeddable":true,"href":"https:\/\/zonaroja.com.mx\/index.php?rest_route=\/wp\/v2\/media\/15628"}],"wp:attachment":[{"href":"https:\/\/zonaroja.com.mx\/index.php?rest_route=%2Fwp%2Fv2%2Fmedia&parent=15627"}],"wp:term":[{"taxonomy":"category","embeddable":true,"href":"https:\/\/zonaroja.com.mx\/index.php?rest_route=%2Fwp%2Fv2%2Fcategories&post=15627"},{"taxonomy":"post_tag","embeddable":true,"href":"https:\/\/zonaroja.com.mx\/index.php?rest_route=%2Fwp%2Fv2%2Ftags&post=15627"}],"curies":[{"name":"wp","href":"https:\/\/api.w.org\/{rel}","templated":true}]}}