{"id":15630,"date":"2020-07-30T09:00:32","date_gmt":"2020-07-30T14:00:32","guid":{"rendered":"http:\/\/www.zonaroja.com.mx\/?p=15630"},"modified":"2020-07-30T09:02:36","modified_gmt":"2020-07-30T14:02:36","slug":"cae-actividad-economica-en-oaxaca-en-tres-primeros-meses-de-2020-inegi","status":"publish","type":"post","link":"https:\/\/zonaroja.com.mx\/?p=15630","title":{"rendered":"Cae actividad econ\u00f3mica en Oaxaca en tres primeros meses de 2020: INEGI"},"content":{"rendered":"\n<p>Yuridiana\nSosa\/Zona Roja.<\/p>\n\n\n\n<p>Oaxaca de\nJu\u00e1rez, Oax., 29 de julio de 2020.- A\u00fan sin los impactos contundentes de la\ncontingencia sanitaria por Covid-19, Oaxaca registr\u00f3 un retroceso en la\neconom\u00eda entre los meses de enero y marzo, de menos 2.1 por ciento, report\u00f3 el\nInstituto Nacional de Estad\u00edstica y Geograf\u00eda (INEGI).<\/p>\n\n\n\n<p>El m\u00e1s\nreciente an\u00e1lisis del Indicador Trimestral de la Actividad Econ\u00f3mica Estatal\n(ITAEE) revel\u00f3 contracciones en las actividades econ\u00f3micas, respecto a las\nregistradas en el mismo periodo en el 2019.<\/p>\n\n\n\n<p>En un\npanorama total sobre la evoluci\u00f3n de su econom\u00eda, Oaxaca present\u00f3 una variaci\u00f3n\nanual de menos (-)2.1 por ciento; mientras que el a\u00f1o anterior registr\u00f3 en este\nperiodo menos 0.5 por ciento.<\/p>\n\n\n\n<p>Durante este\ninicio de a\u00f1o Oaxaca s\u00f3lo aport\u00f3 cifras positivas para el caso las actividades\nprimarias en 2020, con un avance del 1.4 por ciento; pero en este lapso del\n2019 la estad\u00edstica fue de m\u00e1s (+) 7.2 por ciento.<\/p>\n\n\n\n<p>Por el\nincremento de las actividades primarias, principalmente por el \u00e1rea de la\nagricultura, Oaxaca logr\u00f3 la posici\u00f3n 22 a nivel nacional.<\/p>\n\n\n\n<p>Pero en\ncuanto a las actividades secundarias, que incluye los sectores de la industria,\nminer\u00eda, manufacturas, construcci\u00f3n y electricidad, reflejaron una variaci\u00f3n a\ntasa anual de menos (-)8.7 por ciento &#8211;en 2019 de menos 8.4 por ciento&#8211; lo\nque coloc\u00f3 a la entidad en el lugar 25 en este rubro.<\/p>\n\n\n\n<p>Mientras\nque, en sus actividades terciarias el registro negativo fue menor, pero dej\u00f3\nque crecer, con el impacto de una contracci\u00f3n anual de menos (-) 0.4 por\nciento, precis\u00f3 el Indicador Trimestral, que en 2019 reportaba un crecimiento\nde 1.5 por ciento.<\/p>\n\n\n\n<p>Por estos\nresultados, en los sectores de alojamiento temporal, preparaci\u00f3n de alimentos y\nbebidas; los servicios educativos, comercio, transportes, correos,\nalmacenamiento; servicios financieros y de seguros, Oaxaca se ubic\u00f3 en el\nprimer trimestre en el eslab\u00f3n 13.<\/p>\n\n\n\n<p>El INEGI\nconcluy\u00f3 que, en el primer trimestre de 2020, Oaxaca obtuvo el lugar 18 en el\ntotal de la econom\u00eda.<\/p>\n","protected":false},"excerpt":{"rendered":"<p>Yuridiana Sosa\/Zona Roja. Oaxaca de Ju\u00e1rez, Oax., 29 de julio de 2020.- A\u00fan sin los&hellip;<\/p>\n","protected":false},"author":2,"featured_media":10818,"comment_status":"closed","ping_status":"open","sticky":false,"template":"","format":"standard","meta":{"_lmt_disableupdate":"","_lmt_disable":"","_jetpack_memberships_contains_paid_content":false,"footnotes":""},"categories":[109,47],"tags":[1870],"class_list":["post-15630","post","type-post","status-publish","format-standard","has-post-thumbnail","hentry","category-minuto-a-minuto","category-zona-gris","tag-indicador-trimestral-de-la-actividad-economica-estatal-inegi"],"jetpack_featured_media_url":"https:\/\/zonaroja.com.mx\/wp-content\/uploads\/2020\/04\/Comercios-cerrados-Oaxaca.png","jetpack_sharing_enabled":true,"_links":{"self":[{"href":"https:\/\/zonaroja.com.mx\/index.php?rest_route=\/wp\/v2\/posts\/15630","targetHints":{"allow":["GET"]}}],"collection":[{"href":"https:\/\/zonaroja.com.mx\/index.php?rest_route=\/wp\/v2\/posts"}],"about":[{"href":"https:\/\/zonaroja.com.mx\/index.php?rest_route=\/wp\/v2\/types\/post"}],"author":[{"embeddable":true,"href":"https:\/\/zonaroja.com.mx\/index.php?rest_route=\/wp\/v2\/users\/2"}],"replies":[{"embeddable":true,"href":"https:\/\/zonaroja.com.mx\/index.php?rest_route=%2Fwp%2Fv2%2Fcomments&post=15630"}],"version-history":[{"count":1,"href":"https:\/\/zonaroja.com.mx\/index.php?rest_route=\/wp\/v2\/posts\/15630\/revisions"}],"predecessor-version":[{"id":15631,"href":"https:\/\/zonaroja.com.mx\/index.php?rest_route=\/wp\/v2\/posts\/15630\/revisions\/15631"}],"wp:featuredmedia":[{"embeddable":true,"href":"https:\/\/zonaroja.com.mx\/index.php?rest_route=\/wp\/v2\/media\/10818"}],"wp:attachment":[{"href":"https:\/\/zonaroja.com.mx\/index.php?rest_route=%2Fwp%2Fv2%2Fmedia&parent=15630"}],"wp:term":[{"taxonomy":"category","embeddable":true,"href":"https:\/\/zonaroja.com.mx\/index.php?rest_route=%2Fwp%2Fv2%2Fcategories&post=15630"},{"taxonomy":"post_tag","embeddable":true,"href":"https:\/\/zonaroja.com.mx\/index.php?rest_route=%2Fwp%2Fv2%2Ftags&post=15630"}],"curies":[{"name":"wp","href":"https:\/\/api.w.org\/{rel}","templated":true}]}}