{"id":15635,"date":"2020-07-29T22:20:25","date_gmt":"2020-07-30T03:20:25","guid":{"rendered":"http:\/\/www.zonaroja.com.mx\/?p=15635"},"modified":"2020-07-29T22:20:28","modified_gmt":"2020-07-30T03:20:28","slug":"registra-oaxaca-10-mil-158-casos-acumulados-a-covid-19-y-923-defunciones","status":"publish","type":"post","link":"https:\/\/zonaroja.com.mx\/?p=15635","title":{"rendered":"Registra Oaxaca 10 mil 158 casos acumulados a Covid-19 y 923 defunciones"},"content":{"rendered":"\n<p>Redacci\u00f3n\/Zona\nRoja.<\/p>\n\n\n\n<p>Oaxaca de\nJu\u00e1rez, Oax., 29 de julio de 2020.- Al corte epidemiol\u00f3gico de este mi\u00e9rcoles\n29 de julio se han presentado 97 nuevos casos de Covid-19, que suman 10 mil 158\ncasos acumulados en la entidad, inform\u00f3 la dependencia Servicios de Salud de\nOaxaca.<\/p>\n\n\n\n<p>Agreg\u00f3 que\nse han notificado 15 mil 467 casos de los cuales cuatro mil 377 han sido\nnegativos, 932 son sospechosos en espera de resultados por laboratorio, ocho\nmil 650 se han recuperado, lamentablemente se han presentado cinco defunciones\nque suman 923 y hay 585 casos activos.<\/p>\n\n\n\n<p>Puntualiz\u00f3 que la Jurisdicci\u00f3n Sanitaria n\u00famero uno Valles Centrales, presenta seis mil 638 casos confirmados y 459 defunciones, Tuxtepec mil 402 y 207 defunciones, el Istmo 988 y 138 defunciones, Mixteca 573 y 53 defunciones, Costa 387 y 38 defunciones y la Sierra 170 y 28 defunciones.<\/p>\n\n\n\n<figure class=\"wp-block-embed-twitter wp-block-embed is-type-rich is-provider-twitter\"><div class=\"wp-block-embed__wrapper\">\n<div class=\"twitter-tweet\"><blockquote class=\"twitter-tweet\" data-lang=\"es\"><p lang=\"es\" dir=\"ltr\">Ay\u00fadanos a disminuir los contagios de <a href=\"https:\/\/twitter.com\/hashtag\/COVID19?src=hash&amp;ref_src=twsrc%5Etfw\">#COVID19<\/a>.<br>Si debes salir de tu hogar, evita hacerlo en grupo y utiliza <a href=\"https:\/\/twitter.com\/hashtag\/Cubrebocas?src=hash&amp;ref_src=twsrc%5Etfw\">#Cubrebocas<\/a>, mant\u00e9n sana distancia y l\u00e1vate muy bien las manos al llegar a tu destino.<a href=\"https:\/\/twitter.com\/hashtag\/EligeLaVida?src=hash&amp;ref_src=twsrc%5Etfw\">#EligeLaVida<\/a> <a href=\"https:\/\/t.co\/3U1CfPK0bx\">pic.twitter.com\/3U1CfPK0bx<\/a><\/p>&mdash; Servicios de Salud (@SSO_GobOax) <a href=\"https:\/\/twitter.com\/SSO_GobOax\/status\/1288644999899316225?ref_src=twsrc%5Etfw\">30 de julio de 2020<\/a><\/blockquote><\/div>\n<\/div><\/figure>\n\n\n\n<p>Dijo que de\nlos 97 casos nuevos, \u00e9stos se distribuyen en 28 municipios, siendo los que\nmayor n\u00famero presentan se encuentran Oaxaca de Ju\u00e1rez con 49, Santa Cruz\nXoxocotl\u00e1n seis, Santa Luc\u00eda del Camino y Santa Mar\u00eda Atzompa cuatro cada uno,\nSan Antonio de la Cal y San Sebasti\u00e1n Tutla tres cada uno, el resto dos y uno.<\/p>\n\n\n\n<p>Sostuvo que\nde los 585 casos activos, la Jurisdicci\u00f3n Sanitaria n\u00famero Valles Centrales\npresenta 347 casos, Tuxtepec 70, Istmo 68, Mixteca 68, Costa 25, y Sierra\n(Norte) siete.<\/p>\n\n\n\n<p>Por\nocupaci\u00f3n hospitalaria global de camas disponibles para la atenci\u00f3n de\npacientes con Covid-19 es del 49.5%; distribuido por los SSO con 43.6%, el\nHospital Regional de Alta Especialidad de Oaxaca (HRAEO) 45.2%, el Hospital de\nla Ni\u00f1ez Oaxaque\u00f1a 83.3%, Sedena 52.4%, ISSSTE 67.2%, IMSS ordinario 52.8%,\nIMSS Bienestar 25%, Pemex 100% y Semar 76.5 %.<\/p>\n\n\n\n<p>Record\u00f3 a la\npoblaci\u00f3n que ante cualquier s\u00edntoma como fiebre, tos seca, dolor garganta,\ncansancio, dolor de cabeza y p\u00e9rdida de olfato y gusto, deben comunicarse a los\ntel\u00e9fonos: 800 770 8437, 951 516 8242, 951 516 12 20 y 951 297 57 41.<\/p>\n","protected":false},"excerpt":{"rendered":"<p>Redacci\u00f3n\/Zona Roja. Oaxaca de Ju\u00e1rez, Oax., 29 de julio de 2020.- Al corte epidemiol\u00f3gico de&hellip;<\/p>\n","protected":false},"author":2,"featured_media":15636,"comment_status":"closed","ping_status":"open","sticky":false,"template":"","format":"standard","meta":{"_lmt_disableupdate":"","_lmt_disable":"","_jetpack_memberships_contains_paid_content":false,"footnotes":""},"categories":[109,47],"tags":[1512],"class_list":["post-15635","post","type-post","status-publish","format-standard","has-post-thumbnail","hentry","category-minuto-a-minuto","category-zona-gris","tag-coronavirus-oaxaca"],"jetpack_featured_media_url":"https:\/\/zonaroja.com.mx\/wp-content\/uploads\/2020\/07\/SSO-1-1-2.jpeg","jetpack_sharing_enabled":true,"_links":{"self":[{"href":"https:\/\/zonaroja.com.mx\/index.php?rest_route=\/wp\/v2\/posts\/15635","targetHints":{"allow":["GET"]}}],"collection":[{"href":"https:\/\/zonaroja.com.mx\/index.php?rest_route=\/wp\/v2\/posts"}],"about":[{"href":"https:\/\/zonaroja.com.mx\/index.php?rest_route=\/wp\/v2\/types\/post"}],"author":[{"embeddable":true,"href":"https:\/\/zonaroja.com.mx\/index.php?rest_route=\/wp\/v2\/users\/2"}],"replies":[{"embeddable":true,"href":"https:\/\/zonaroja.com.mx\/index.php?rest_route=%2Fwp%2Fv2%2Fcomments&post=15635"}],"version-history":[{"count":1,"href":"https:\/\/zonaroja.com.mx\/index.php?rest_route=\/wp\/v2\/posts\/15635\/revisions"}],"predecessor-version":[{"id":15637,"href":"https:\/\/zonaroja.com.mx\/index.php?rest_route=\/wp\/v2\/posts\/15635\/revisions\/15637"}],"wp:featuredmedia":[{"embeddable":true,"href":"https:\/\/zonaroja.com.mx\/index.php?rest_route=\/wp\/v2\/media\/15636"}],"wp:attachment":[{"href":"https:\/\/zonaroja.com.mx\/index.php?rest_route=%2Fwp%2Fv2%2Fmedia&parent=15635"}],"wp:term":[{"taxonomy":"category","embeddable":true,"href":"https:\/\/zonaroja.com.mx\/index.php?rest_route=%2Fwp%2Fv2%2Fcategories&post=15635"},{"taxonomy":"post_tag","embeddable":true,"href":"https:\/\/zonaroja.com.mx\/index.php?rest_route=%2Fwp%2Fv2%2Ftags&post=15635"}],"curies":[{"name":"wp","href":"https:\/\/api.w.org\/{rel}","templated":true}]}}