{"id":15638,"date":"2020-07-30T07:50:38","date_gmt":"2020-07-30T12:50:38","guid":{"rendered":"http:\/\/www.zonaroja.com.mx\/?p=15638"},"modified":"2020-07-30T07:50:42","modified_gmt":"2020-07-30T12:50:42","slug":"muere-embarazada-por-covid-en-juchitan-enferman-en-hospital-de-ixtepec","status":"publish","type":"post","link":"https:\/\/zonaroja.com.mx\/?p=15638","title":{"rendered":"Muere embarazada por Covid en Juchit\u00e1n; enferman en hospital de Ixtepec"},"content":{"rendered":"\n<p>Redacci\u00f3n\/Zona Roja.<\/p>\n\n\n\n<p>Oaxaca de Ju\u00e1rez, Oax., 30 de julio de\n2020.- El Hospital General \u201cDr. Macedonio Ben\u00edtez Fuentes\u201d de Juchit\u00e1n reanud\u00f3\nactividades este lunes, tras 10 d\u00edas de cuarentena ante el contagio por Covid-19\nen la mayor\u00eda del personal m\u00e9dico y de enfermer\u00eda.<\/p>\n\n\n\n<p>Sin embargo, ayer registr\u00f3 la muerte de\nuna mujer, con un embarazo de ocho meses, por complicaciones de la enfermedad\nprovocada por el nuevo coronavirus.<\/p>\n\n\n\n<p>De acuerdo con reportes de personal\nsindicalizado, la mujer, cuyo nombre omitieron, lleg\u00f3 delicada de salud, por lo\nque no resisti\u00f3 y perdi\u00f3 la vida mientras era atendida en dicho nosocomio.<\/p>\n\n\n\n<p>Mientras tanto, tambi\u00e9n personal\nsindicalizado denunci\u00f3 varios casos positivos a Covid en personal m\u00e9dico y de\nenfermer\u00eda del hospital de Ciudad Ixtepec, en la regi\u00f3n del Istmo.<\/p>\n\n\n\n<p>Lo anterior tras diversas pruebas\naplicadas a los trabajadores; hasta el momento no se ha precisado el n\u00famero de\ncontagiados.<\/p>\n\n\n\n<p>En tanto, los Servicios de Salud de\nOaxaca a\u00fan no ha confirmado si aplicar\u00e1 una cuarentena en ese nosocomio, que de\nmanera reiterada se hab\u00eda negado a atender a pacientes con el nuevo virus.<\/p>\n\n\n\n<p>Incluso hace unas semanas rechaz\u00f3 y\ndevolvi\u00f3 un paciente militar tra\u00eddo de la Base A\u00e9rea Militar, mismo que\nfalleci\u00f3 posteriormente.<\/p>\n\n\n\n<p>El representante de la Secci\u00f3n 35 del\nSindicato Nacional de Trabajadores de la Secretar\u00eda de Salud en el referido\nhospital, Eloy L\u00f3pez G\u00f3mez, reconoci\u00f3 que a\u00fan no les han informado si habr\u00e1\nparo de actividades tras el brote de Covid.<\/p>\n","protected":false},"excerpt":{"rendered":"<p>Redacci\u00f3n\/Zona Roja. Oaxaca de Ju\u00e1rez, Oax., 30 de julio de 2020.- El Hospital General \u201cDr.&hellip;<\/p>\n","protected":false},"author":2,"featured_media":15639,"comment_status":"closed","ping_status":"open","sticky":false,"template":"","format":"standard","meta":{"_lmt_disableupdate":"","_lmt_disable":"","_jetpack_memberships_contains_paid_content":false,"footnotes":""},"categories":[109,47],"tags":[1512],"class_list":["post-15638","post","type-post","status-publish","format-standard","has-post-thumbnail","hentry","category-minuto-a-minuto","category-zona-gris","tag-coronavirus-oaxaca"],"jetpack_featured_media_url":"https:\/\/zonaroja.com.mx\/wp-content\/uploads\/2020\/07\/Hospital-Juchit\u00e1n-3.jpg","jetpack_sharing_enabled":true,"_links":{"self":[{"href":"https:\/\/zonaroja.com.mx\/index.php?rest_route=\/wp\/v2\/posts\/15638","targetHints":{"allow":["GET"]}}],"collection":[{"href":"https:\/\/zonaroja.com.mx\/index.php?rest_route=\/wp\/v2\/posts"}],"about":[{"href":"https:\/\/zonaroja.com.mx\/index.php?rest_route=\/wp\/v2\/types\/post"}],"author":[{"embeddable":true,"href":"https:\/\/zonaroja.com.mx\/index.php?rest_route=\/wp\/v2\/users\/2"}],"replies":[{"embeddable":true,"href":"https:\/\/zonaroja.com.mx\/index.php?rest_route=%2Fwp%2Fv2%2Fcomments&post=15638"}],"version-history":[{"count":1,"href":"https:\/\/zonaroja.com.mx\/index.php?rest_route=\/wp\/v2\/posts\/15638\/revisions"}],"predecessor-version":[{"id":15640,"href":"https:\/\/zonaroja.com.mx\/index.php?rest_route=\/wp\/v2\/posts\/15638\/revisions\/15640"}],"wp:featuredmedia":[{"embeddable":true,"href":"https:\/\/zonaroja.com.mx\/index.php?rest_route=\/wp\/v2\/media\/15639"}],"wp:attachment":[{"href":"https:\/\/zonaroja.com.mx\/index.php?rest_route=%2Fwp%2Fv2%2Fmedia&parent=15638"}],"wp:term":[{"taxonomy":"category","embeddable":true,"href":"https:\/\/zonaroja.com.mx\/index.php?rest_route=%2Fwp%2Fv2%2Fcategories&post=15638"},{"taxonomy":"post_tag","embeddable":true,"href":"https:\/\/zonaroja.com.mx\/index.php?rest_route=%2Fwp%2Fv2%2Ftags&post=15638"}],"curies":[{"name":"wp","href":"https:\/\/api.w.org\/{rel}","templated":true}]}}