{"id":1564,"date":"2019-06-08T08:19:11","date_gmt":"2019-06-08T13:19:11","guid":{"rendered":"http:\/\/www.zonaroja.com.mx\/?p=1564"},"modified":"2019-06-08T08:19:13","modified_gmt":"2019-06-08T13:19:13","slug":"la-fragil-y-deficiente-investigacion-en-el-caso-de-maria-del-sol-y-pamela-teran","status":"publish","type":"post","link":"https:\/\/zonaroja.com.mx\/?p=1564","title":{"rendered":"La fr\u00e1gil y deficiente investigaci\u00f3n en el caso de Mar\u00eda del Sol y Pamela Ter\u00e1n"},"content":{"rendered":"\n<figure class=\"wp-block-image\"><img decoding=\"async\" width=\"1024\" height=\"768\" src=\"http:\/\/www.zonaroja.com.mx\/wp-content\/uploads\/2019\/06\/20190608_210909-1024x768.jpg\" alt=\"\" class=\"wp-image-1565\" srcset=\"https:\/\/zonaroja.com.mx\/wp-content\/uploads\/2019\/06\/20190608_210909-1024x768.jpg 1024w, https:\/\/zonaroja.com.mx\/wp-content\/uploads\/2019\/06\/20190608_210909-300x225.jpg 300w, https:\/\/zonaroja.com.mx\/wp-content\/uploads\/2019\/06\/20190608_210909-768x576.jpg 768w, https:\/\/zonaroja.com.mx\/wp-content\/uploads\/2019\/06\/20190608_210909-1170x878.jpg 1170w, https:\/\/zonaroja.com.mx\/wp-content\/uploads\/2019\/06\/20190608_210909-1920x1440.jpg 1920w, https:\/\/zonaroja.com.mx\/wp-content\/uploads\/2019\/06\/20190608_210909-585x439.jpg 585w, https:\/\/zonaroja.com.mx\/wp-content\/uploads\/2019\/06\/20190608_210909.jpg 2000w\" sizes=\"(max-width: 1024px) 100vw, 1024px\" \/><\/figure>\n\n\n\n<p>Especial\nZona Roja<\/p>\n\n\n\n<p>Oaxaca de\nJu\u00e1rez, Oax., a 8 de junio de 2018.- En las primeras horas del 2 de junio de\n2018, la fotoperiodista Mar\u00eda del Sol Cruz Jarqu\u00edn fue asesinada junto con la\ncandidata del PRI, Pamela Ter\u00e1n Pineda, y el chofer de esta \u00faltima, Adelfo\nGuerra. <\/p>\n\n\n\n<p>A un a\u00f1o de\neste triple homicidio, la investigaci\u00f3n de la Fiscal\u00eda General del Estado pende\nde un hilo muy delgado para lograr castigar a los presuntos autores materiales\ny llegar hasta los autores intelectuales. <\/p>\n\n\n\n<p>Apenas este\n7 de junio, D\u00eda de la Libertad de Expresi\u00f3n, la periodista Soledad Jarqu\u00edn, madre\nde Mar\u00eda del Sol, anunci\u00f3 que el Tribunal Superior de Justicia de Oaxaca\ncorrobor\u00f3 el deficiente trabajo del Ministerio P\u00fablico, que deber\u00e1 reiniciar\nlas indagatorias bajo la perspectiva de feminicidio y violencia pol\u00edtica.<\/p>\n\n\n\n<p>El pasado 2\nde junio de 2019, a un a\u00f1o del crimen, la Fiscal\u00eda se anot\u00f3 un leve triunfo con\nla vinculaci\u00f3n a proceso y prisi\u00f3n preventiva contra uno de los supuestos\nimplicados; pero en la audiencia se puso de relevancia la fragilidad de la\ninvestigaci\u00f3n y las pruebas aportadas por la instancia a cargo de Rub\u00e9n\nVasconcelos M\u00e9ndez.<\/p>\n\n\n\n<p>En estricto\nsentido Jos\u00e9 Eduardo H. C., uno de los imputados, fue vinculado a proceso\nporque la Juez de Control consider\u00f3 que su actuaci\u00f3n el d\u00eda de los hechos fue\nsospechosa y porque resultaba \u201cil\u00f3gico\u201d que no saliera herido; esto, adem\u00e1s de\nun testigo de identidad reservada del que se ha puesto en duda hasta su\nexistencia y el testimonio de una cajera que fue ampliado dos meses despu\u00e9s de\nsu primera declaraci\u00f3n.<\/p>\n\n\n\n<p>Adem\u00e1s de\nlos dos testigos, la Fiscal\u00eda de Oaxaca se sostiene en dos videos en los que\nlos presuntos autores materiales son vistos que acompa\u00f1an en las v\u00edctimas y uno\nen el que se ve correr a uno de los presuntos homicidas.<\/p>\n\n\n\n<p>LAS\nIRREGULARIDADES<\/p>\n\n\n\n<p>Lenin\nZopiyaxtl, quien encabeza la defensa de Jos\u00e9 Eduardo H. C., afirma que entre\nlas irregularidades que se encontraron en la investigaci\u00f3n del Ministerio\nP\u00fablico es que no se cumpli\u00f3 con el procedimiento para determinar que el\ntestigo principal identificado como R. M. R. deb\u00eda ser un testigo protegido,\nincluso si se le dio la categor\u00eda de \u201ctestigo con identidad reservada\u201d.<\/p>\n\n\n\n<p>Esto,\nsostiene, deja en la indefensi\u00f3n a los imputados porque tienen derecho a\nconocer quien los acusa y por tanto, no deber\u00eda tener valor probatorio.<\/p>\n\n\n\n<p>Seg\u00fan R. M.\nR. \u00e9l observ\u00f3 cuando Jos\u00e9 Eduardo H. C. llev\u00f3 a las dos mujeres abrazadas hasta\nel lugar de los hechos para despu\u00e9s correr y Jeh\u00fa G. L. (el primer imputado del\ncaso y que obtuvo su libertad de inmediato por las fallas en la investigaci\u00f3n\nde la Fiscal\u00eda) dispar\u00f3 contra las v\u00edctimas a quemarropa.<\/p>\n\n\n\n<p>Adem\u00e1s,\nse\u00f1ala que existe contradicci\u00f3n entre este testimonio y el an\u00e1lisis de la\ns\u00e1bana de llamadas y los dict\u00e1menes de geolocalizaci\u00f3n de las llamadas de\ncelular que ubican a Jeh\u00fa G. L. a al menos tres kil\u00f3metros del lugar donde\nocurri\u00f3 el triple homicidio y en una hora distinta.<\/p>\n\n\n\n<p>La ubicaci\u00f3n\nde los tel\u00e9fonos celulares es otra de las pruebas principales de la Fiscal\u00eda\nGeneral; pero hasta ahora existen dos dict\u00e1menes diferentes que difieren en la\nubicaci\u00f3n del principal imputado en el asesinato de Mar\u00eda del Sol Cruz, Pamela\nTer\u00e1n y Adelfo Guerra. Cient\u00edficamente, ninguno ha logrado imponer su verdad\nrespecto a la ubicaci\u00f3n real.<\/p>\n\n\n\n<p>La m\u00e1s\nreciente prueba de la Fiscal\u00eda consiste en un testimonio ampliado de la mesera del\n\u201cBar Jard\u00edn\u201d de Juchit\u00e1n de Zaragoza donde conviv\u00edan las v\u00edctimas antes de ser\nasesinadas. La mesera Catalina R. B. agreg\u00f3 a su testimonio dos meses despu\u00e9s\ndel primero que realiz\u00f3, que escuch\u00f3 una conversaci\u00f3n extra\u00f1a entre Jeh\u00fa y Jos\u00e9\nEduardo, pero que de ninguna manera es incriminatoria y que no era posible que\npudiera escucharla porque la m\u00fasica que hab\u00eda en el lugar.<\/p>\n\n\n\n<p>Otra de las\nirregularidades de la investigaci\u00f3n, seg\u00fan el abogado Lenin Zopiyaxtl, es la\nmanera en que se ensuci\u00f3 la escena del crimen con la interrupci\u00f3n de la familia\nde Pamela Ter\u00e1n para llevarse los cuerpos tanto de ella como el de Adelfo\nGuerra. Se alter\u00f3 la escena de los hechos, sostiene, y por tanto no puede\nestablecerse una mec\u00e1nica sobre c\u00f3mo ocurri\u00f3 el crimen.<\/p>\n\n\n\n<p>Asimismo,\nconsidera que la Fiscal\u00eda no ha dejado claro en qu\u00e9 consisti\u00f3 c\u00f3mo fue la\nparticipaci\u00f3n del imputado Jos\u00e9 Eduardo en el triple homicidio, m\u00e1s a\u00fan cuando\nlas im\u00e1genes de uno de los videos de la Fiscal\u00eda obtenidos de un restaurante de\ncomida china son borrosas y adem\u00e1s no hay correspondencia en las horas.<\/p>\n\n\n\n<p>SE\nCUMPLIERON FORMAS<\/p>\n\n\n\n<p>Javier\nTer\u00e1n, el ministerio p\u00fablico encargado de las investigaciones de la Fiscal\u00eda de\nOaxaca, replica en que se cumpli\u00f3 con las formalidades en la clasificaci\u00f3n de\nsu testigo clave e insisti\u00f3 en que no se trata de un \u201ctestigo protegido\u201d sino\nde un \u201ctestigo de identidad reservada\u201d y para lo cual no hay que cumplir con\ncierta formalidad.<\/p>\n\n\n\n<p>Insiste en\nque el an\u00e1lisis de las antenas de telefon\u00eda celular ubica a Jeh\u00fa en el lugar\ndel crimen; pero la defensa de este \u00faltimo present\u00f3 otro dictamen que lo ubica\na tres kil\u00f3metros y que fue admitido en su momento por el Juez de Control.<\/p>\n\n\n\n<p>El MP de la\nmisma manera asegura que no afecta en nada que la escena del crimen fuera\nalterada y que las necropsias de ley se hayan realizado en los domicilios de\ndos de las v\u00edctimas; respecto a lo primero, bajo el argumento que la Agencia\nEstatal de Investigaci\u00f3n y los peritos ya se encontraban en el lugar y ya\nhab\u00edan realizado una inspecci\u00f3n ocular y tomado las fotograf\u00edas necesarias para\nestablecer una mec\u00e1nica de hechos.<\/p>\n\n\n\n<p>Respecto a\nlos videos, dice que uno de ellos muestra a Jos\u00e9 Eduardo abrazando a las\nv\u00edctimas y luego soltarlas abruptamente \u201ccomo si las aventara\u201d para despu\u00e9s\ncorrer: \u201csu labor fue conducir a las v\u00edctimas al lugar donde fueron privadas de\nla vida\u201d, asegur\u00f3.<\/p>\n\n\n\n<p>El abogado\nLenin Zopiyaxtl, sin embargo, sostiene que se desconoce si el testigo de\n\u201cidentidad reservada\u201d en realidad existe; no hay certeza sobre lo que\nestablecen las s\u00e1banas de llamada y los dict\u00e1menes de geolocalizaci\u00f3n porque\nhay dos que ubican a Jeh\u00fa en distintos lugares.<\/p>\n\n\n\n<p>Y sobre el\nvideo en que se ve a su cliente Jos\u00e9 Eduardo correr, cuestiona: \u201c\u00bfCu\u00e1l es la\nconducta que realiz\u00f3 el imputado, por qu\u00e9 antes del cinco de agosto de 2018\n(cuando la mesera ampl\u00eda su declaraci\u00f3n) no se se\u00f1alaba en la carpeta de\ninvestigaci\u00f3n esta conducta pese a que ya contaban con los videos?\u201d.<\/p>\n\n\n\n<p>La audiencia\ncontra Jos\u00e9 Eduardo H. C. est\u00e1 por concluir. La Jueza de Control en un\ndocumento ya preparado admite cada una de las pruebas de la Fiscal\u00eda General\ndel Estado y al final resuelve vincularlo a proceso y dictarle prisi\u00f3n\npreventiva bajo el argumento de que \u201cera muy sospechoso que saliera ileso del\nataque armado\u201d en que murieron las v\u00edctimas y porque s\u00f3lo le bastaban pruebas\nm\u00ednimas para vincularlo a proceso; lo que no implica una sentencia\ncondenatoria.<\/p>\n\n\n\n<p>&#8211;&nbsp;&nbsp;&nbsp;&nbsp;&nbsp;&nbsp;&nbsp;&nbsp;&nbsp; Jos\u00e9 Eduardo \u00bftiene algo m\u00e1s que se\u00f1alar?\n\u2013 le pregunta la Juez.<\/p>\n\n\n\n<p>&#8211;&nbsp;&nbsp;&nbsp;&nbsp;&nbsp;&nbsp;&nbsp;&nbsp;&nbsp; No hay nada m\u00e1s que manifestar, m\u00e1s\nque soy inocente de todo lo que se me acusa \u2013 responde tras consultar\nbrevemente a sus abogados.<\/p>\n","protected":false},"excerpt":{"rendered":"<p>Especial Zona Roja Oaxaca de Ju\u00e1rez, Oax., a 8 de junio de 2018.- En las&hellip;<\/p>\n","protected":false},"author":2,"featured_media":0,"comment_status":"closed","ping_status":"open","sticky":false,"template":"","format":"standard","meta":{"_lmt_disableupdate":"","_lmt_disable":"","_jetpack_memberships_contains_paid_content":false,"footnotes":""},"categories":[1,51],"tags":[60,59,61,57,58],"class_list":["post-1564","post","type-post","status-publish","format-standard","hentry","category-sin-categoria","category-zona-roja","tag-feminicidio","tag-fiscalia-general-del-estado","tag-juchitan","tag-maria-del-sol-cruz","tag-oaxaca"],"jetpack_featured_media_url":"","jetpack_sharing_enabled":true,"_links":{"self":[{"href":"https:\/\/zonaroja.com.mx\/index.php?rest_route=\/wp\/v2\/posts\/1564","targetHints":{"allow":["GET"]}}],"collection":[{"href":"https:\/\/zonaroja.com.mx\/index.php?rest_route=\/wp\/v2\/posts"}],"about":[{"href":"https:\/\/zonaroja.com.mx\/index.php?rest_route=\/wp\/v2\/types\/post"}],"author":[{"embeddable":true,"href":"https:\/\/zonaroja.com.mx\/index.php?rest_route=\/wp\/v2\/users\/2"}],"replies":[{"embeddable":true,"href":"https:\/\/zonaroja.com.mx\/index.php?rest_route=%2Fwp%2Fv2%2Fcomments&post=1564"}],"version-history":[{"count":1,"href":"https:\/\/zonaroja.com.mx\/index.php?rest_route=\/wp\/v2\/posts\/1564\/revisions"}],"predecessor-version":[{"id":1566,"href":"https:\/\/zonaroja.com.mx\/index.php?rest_route=\/wp\/v2\/posts\/1564\/revisions\/1566"}],"wp:attachment":[{"href":"https:\/\/zonaroja.com.mx\/index.php?rest_route=%2Fwp%2Fv2%2Fmedia&parent=1564"}],"wp:term":[{"taxonomy":"category","embeddable":true,"href":"https:\/\/zonaroja.com.mx\/index.php?rest_route=%2Fwp%2Fv2%2Fcategories&post=1564"},{"taxonomy":"post_tag","embeddable":true,"href":"https:\/\/zonaroja.com.mx\/index.php?rest_route=%2Fwp%2Fv2%2Ftags&post=1564"}],"curies":[{"name":"wp","href":"https:\/\/api.w.org\/{rel}","templated":true}]}}