{"id":15641,"date":"2020-07-30T08:01:50","date_gmt":"2020-07-30T13:01:50","guid":{"rendered":"http:\/\/www.zonaroja.com.mx\/?p=15641"},"modified":"2020-07-30T08:01:53","modified_gmt":"2020-07-30T13:01:53","slug":"desde-el-congreso-de-oaxaca-exigiran-justicia-para-periodistas-agredidos","status":"publish","type":"post","link":"https:\/\/zonaroja.com.mx\/?p=15641","title":{"rendered":"Desde el Congreso de Oaxaca exigir\u00e1n justicia para periodistas agredidos"},"content":{"rendered":"\n<p>Yuridiana Sosa\/Zona Roja.<\/p>\n\n\n\n<p>Oaxaca de Ju\u00e1rez, Oax., 29 de julio de\n2020.- Ante la serie de agresiones al gremio period\u00edstico en el ejercicio de su\nlabor, el presidente de la Junta de Coordinaci\u00f3n Pol\u00edtica del Congreso de\nOaxaca (Jucopo), Horacio Sosa Villavicencio, exigi\u00f3 a la Fiscal\u00eda General del\nEstado la aplicaci\u00f3n de justicia contra los responsables de cada acto.<\/p>\n\n\n\n<p>La agresi\u00f3n m\u00e1s reciente se registr\u00f3\neste martes en la capital oaxaque\u00f1a contra dos reporteros que cubr\u00edan la\nprotesta por parte de propietarios y trabajadores prestadores de servicios\nfunerarios, quienes fueron los agresores.<\/p>\n\n\n\n<p>El legislador por el Partido Morena indic\u00f3 que desde el Congreso local trabajar\u00e1n en las comisiones respectivas para ofrecer a los reporteros mayor seguridad y garant\u00edas para ejercer si trabajo.<\/p>\n\n\n\n<figure class=\"wp-block-embed-twitter wp-block-embed is-type-rich is-provider-twitter\"><div class=\"wp-block-embed__wrapper\">\n<div class=\"twitter-tweet\"><blockquote class=\"twitter-tweet\" data-lang=\"es\"><p lang=\"es\" dir=\"ltr\">Al t\u00e9rmino de la sesi\u00f3n del <a href=\"https:\/\/twitter.com\/CongresoOaxLXIV?ref_src=twsrc%5Etfw\">@CongresoOaxLXIV<\/a>, el presidente de la Jucopo, <a href=\"https:\/\/twitter.com\/HoracioSosaOax?ref_src=twsrc%5Etfw\">@HoracioSosaOax<\/a>, manifest\u00f3 su respaldo a los periodistas agredidos en Oaxaca. Exigi\u00f3 a la <a href=\"https:\/\/twitter.com\/FISCALIA_GobOax?ref_src=twsrc%5Etfw\">@FISCALIA_GobOax<\/a> aplicar justicia; \u201csi no puede <a href=\"https:\/\/twitter.com\/RVasconcelosM?ref_src=twsrc%5Etfw\">@RVasconcelosM<\/a>, que renuncie\u201d: dijo. <a href=\"https:\/\/t.co\/tVPVlqiUm3\">pic.twitter.com\/tVPVlqiUm3<\/a><\/p>&mdash; Zona Roja Oaxaca (@MexRoja) <a href=\"https:\/\/twitter.com\/MexRoja\/status\/1288632868789350400?ref_src=twsrc%5Etfw\">30 de julio de 2020<\/a><\/blockquote><\/div>\n<\/div><\/figure>\n\n\n\n<p>Sosa Villavicencio manifest\u00f3 el\nrespaldo al gremio period\u00edstico e indic\u00f3 que tambi\u00e9n desde la 64 Legislatura\nmantendr\u00e1n la exigencia de la aplicaci\u00f3n de las leyes para que se alcance la\njusticia.<\/p>\n\n\n\n<p>Sin embargo, tambi\u00e9n se\u00f1al\u00f3 que existe\nuna ineficacia en el trabajo del fiscal Rub\u00e9n Vasconcelos M\u00e9ndez sobre las\nagresiones a los periodistas, como en otros hechos violentos que transgreden a\nla poblaci\u00f3n.<\/p>\n\n\n\n<p>Record\u00f3 m\u00faltiples casos de ataques en\ncontra de comunicadores, mismos que no han tenido resultados en la aplicaci\u00f3n\nde la justicia.<\/p>\n\n\n\n<p>El diputado local llam\u00f3 al Gobierno del\nEstado a privilegiar el di\u00e1logo ante todo tipo de manifestaci\u00f3n para que estas\nno tengan consecuencias de mayor impacto en la ciudadan\u00eda.<\/p>\n","protected":false},"excerpt":{"rendered":"<p>Yuridiana Sosa\/Zona Roja. Oaxaca de Ju\u00e1rez, Oax., 29 de julio de 2020.- Ante la serie&hellip;<\/p>\n","protected":false},"author":2,"featured_media":15642,"comment_status":"closed","ping_status":"open","sticky":false,"template":"","format":"standard","meta":{"_lmt_disableupdate":"","_lmt_disable":"","_jetpack_memberships_contains_paid_content":false,"footnotes":""},"categories":[109,47],"tags":[444],"class_list":["post-15641","post","type-post","status-publish","format-standard","has-post-thumbnail","hentry","category-minuto-a-minuto","category-zona-gris","tag-horacio-sosa-villavicencio"],"jetpack_featured_media_url":"https:\/\/zonaroja.com.mx\/wp-content\/uploads\/2020\/07\/Horacio-Sosa-entrevista-2.png","jetpack_sharing_enabled":true,"_links":{"self":[{"href":"https:\/\/zonaroja.com.mx\/index.php?rest_route=\/wp\/v2\/posts\/15641","targetHints":{"allow":["GET"]}}],"collection":[{"href":"https:\/\/zonaroja.com.mx\/index.php?rest_route=\/wp\/v2\/posts"}],"about":[{"href":"https:\/\/zonaroja.com.mx\/index.php?rest_route=\/wp\/v2\/types\/post"}],"author":[{"embeddable":true,"href":"https:\/\/zonaroja.com.mx\/index.php?rest_route=\/wp\/v2\/users\/2"}],"replies":[{"embeddable":true,"href":"https:\/\/zonaroja.com.mx\/index.php?rest_route=%2Fwp%2Fv2%2Fcomments&post=15641"}],"version-history":[{"count":1,"href":"https:\/\/zonaroja.com.mx\/index.php?rest_route=\/wp\/v2\/posts\/15641\/revisions"}],"predecessor-version":[{"id":15643,"href":"https:\/\/zonaroja.com.mx\/index.php?rest_route=\/wp\/v2\/posts\/15641\/revisions\/15643"}],"wp:featuredmedia":[{"embeddable":true,"href":"https:\/\/zonaroja.com.mx\/index.php?rest_route=\/wp\/v2\/media\/15642"}],"wp:attachment":[{"href":"https:\/\/zonaroja.com.mx\/index.php?rest_route=%2Fwp%2Fv2%2Fmedia&parent=15641"}],"wp:term":[{"taxonomy":"category","embeddable":true,"href":"https:\/\/zonaroja.com.mx\/index.php?rest_route=%2Fwp%2Fv2%2Fcategories&post=15641"},{"taxonomy":"post_tag","embeddable":true,"href":"https:\/\/zonaroja.com.mx\/index.php?rest_route=%2Fwp%2Fv2%2Ftags&post=15641"}],"curies":[{"name":"wp","href":"https:\/\/api.w.org\/{rel}","templated":true}]}}