{"id":15644,"date":"2020-07-30T09:00:52","date_gmt":"2020-07-30T14:00:52","guid":{"rendered":"http:\/\/www.zonaroja.com.mx\/?p=15644"},"modified":"2020-07-30T09:00:56","modified_gmt":"2020-07-30T14:00:56","slug":"articulo-19-denuncia-riesgos-en-santa-maria-chimalapa-ante-covid-19","status":"publish","type":"post","link":"https:\/\/zonaroja.com.mx\/?p=15644","title":{"rendered":"Art\u00edculo 19 denuncia riesgos en Santa Mar\u00eda Chimalapa ante Covid-19"},"content":{"rendered":"\n<p>Redacci\u00f3n\/Estado 20.<\/p>\n\n\n\n<p>Oaxaca de Ju\u00e1rez, Oax., 30 de julio de\n2020.- A casi cuatro meses de haberse declarado la pandemia en M\u00e9xico, existen\npueblos originarios que conocen s\u00f3lo parcialmente las medidas de prevenci\u00f3n\npara evitar la propagaci\u00f3n del virus.<\/p>\n\n\n\n<p>Adem\u00e1s, carecen de informaci\u00f3n y\nherramientas b\u00e1sicas para la detecci\u00f3n de s\u00edntomas de Covid-19; d\u00f3nde acudir en\ncaso de presentar s\u00edntomas; as\u00ed como la gu\u00eda del manejo de cad\u00e1veres por Covid-19\n(SARS COV 2).<\/p>\n\n\n\n<p>Pueblos originarios de M\u00e9xico, han\ninsistido sobre la urgencia de contar con informaci\u00f3n adecuada, suficiente,\ncient\u00edfica, en un lenguaje y formato culturalmente adecuado sobre la enfermedad\nCovid-19, para que implementen sus propias medidas de control en sus\nterritorios, y medidas sanitarias de contenci\u00f3n del virus en sus comunidades. Y\npara hacer valer su derecho a la salud, a la integridad personal, y a la vida\ndigna.<\/p>\n\n\n\n<p>Tal es el caso de la comunidad zoque de\nSanta Mar\u00eda Chimalapa, que en el \u00faltimo mes ha presentado un creciente n\u00famero\nde contagios. <\/p>\n\n\n\n<p>De acuerdo con testimonios de\nhabitantes de esta comunidad recabados por la organizaci\u00f3n internacional Art\u00edculo\n19, en la comunidad se desconocen los motivos por los cuales la gente est\u00e1\nmuriendo.<\/p>\n\n\n\n<p>Miguel \u00c1ngel Aguirre, coordinador general\nde Maderas del Pueblo del Sureste A.C., mencion\u00f3: \u201cla gente no sabe qu\u00e9 es,\nporque se confunde con s\u00edntomas de dengue o de enfermedad gastrointestinal y\/o\ncon s\u00edntomas de gripa o infecci\u00f3n estomacal. El hecho es que la gente sigue\nmuriendo\u201d.<\/p>\n\n\n\n<p>En Santa Mar\u00eda Chimalapa, la falta de\ninformaci\u00f3n es un factor importante que se suma a otros obst\u00e1culos para el\nejercicio efectivo del derecho a la salud de los pueblos originarios.<\/p>\n\n\n\n<p>\u201cAqu\u00ed no acudimos a nadie, \u00bfacudir a\nd\u00f3nde? Tenemos un centro de salud que fue construido con recurso del municipio,\ny con recurso del Gobierno del Estado, pero que lamentablemente no ha habido\npersonal m\u00e9dico\u201d, menciona otro habitante de la comunidad, quien pidi\u00f3 a Art\u00edculo\n19 mantener su nombre en la confidencialidad.<\/p>\n\n\n\n<p>Consideramos que lo anterior puede\nrepercutir en incrementar los riesgos de contagio por Covid-19 en esta\nmicrorregi\u00f3n oaxaque\u00f1a, debido a la ausencia de pruebas de detecci\u00f3n; ausencia\nde atenci\u00f3n por parte de personal m\u00e9dico; acciones de prevenci\u00f3n de propagaci\u00f3n\nde virus; e infraestructura adecuada para atenci\u00f3n adecuada; y manejo de\ncad\u00e1veres en caso de muerte.<\/p>\n\n\n\n<p>Un testimonio an\u00f3nimo de un habitante\nde esta comunidad, menciona: \u201cLa cl\u00ednica que est\u00e1 aqu\u00ed siempre no ha habido\nm\u00e9dicos, y ahora con el Covid menos va a haber, hay otro doctor que tambi\u00e9n\napoya, pero con las muertes constantes ya nom\u00e1s va la familia, le cuenta y as\u00ed\nno m\u00e1s les receta, es algo il\u00f3gico porque el paciente por lo menos debe\ntocarlo, todos los m\u00e9dicos siempre tocan para ver donde les duele y este solo\nescucha\u201d<\/p>\n\n\n\n<p>Ante ello, la organizaci\u00f3n defensora de\nlos derechos humanos y de los periodistas, pidi\u00f3 se garanticen el acceso a la\ninformaci\u00f3n cient\u00edfica, culturalmente adecuada, y de f\u00e1cil acceso a los pueblos\noriginarios sobre la pandemia de la Covid-19, principalmente sobre\nsintomatolog\u00eda, propagaci\u00f3n del virus, medidas de aislamiento preventivo,\ncuidados b\u00e1sicos a pacientes con Covid-19, y manejo de cad\u00e1veres infectados.<\/p>\n\n\n\n<p>Se establezcan mecanismos para el flujo\nde informaci\u00f3n entre las instancias gubernamentales y las autoridades\ncomunitarias, que permitan el monitoreo, detecci\u00f3n, confirmaci\u00f3n de casos\nsospechosos, y atenci\u00f3n a casos de infecci\u00f3n por Covid-19 en esta regi\u00f3n,\nadem\u00e1s de suministrar y garantizar servicios m\u00e9dico-quir\u00fargicos, farmac\u00e9uticos\ny hospitalarios que satisfagan de manera integral las necesidades de salud de\nesta comunidad.<\/p>\n\n\n\n<p>Garantizar que estas medidas de\ncontenci\u00f3n del Covid-19 est\u00e9n basadas en el principio de no discriminaci\u00f3n, y\nestar adecuadas a sus obligaciones internacionales de protecci\u00f3n frente a las\npoblaciones que se encuentran en mayor vulnerabilidad y\/o riesgo en su vida e\nintegridad personal.<\/p>\n","protected":false},"excerpt":{"rendered":"<p>Redacci\u00f3n\/Estado 20. Oaxaca de Ju\u00e1rez, Oax., 30 de julio de 2020.- A casi cuatro meses&hellip;<\/p>\n","protected":false},"author":2,"featured_media":11132,"comment_status":"closed","ping_status":"open","sticky":false,"template":"","format":"standard","meta":{"_lmt_disableupdate":"","_lmt_disable":"","_jetpack_memberships_contains_paid_content":false,"footnotes":""},"categories":[109,47],"tags":[1084],"class_list":["post-15644","post","type-post","status-publish","format-standard","has-post-thumbnail","hentry","category-minuto-a-minuto","category-zona-gris","tag-santa-maria-chimalapa"],"jetpack_featured_media_url":"https:\/\/zonaroja.com.mx\/wp-content\/uploads\/2020\/04\/PHOTO-2020-04-14-19-36-20.jpg","jetpack_sharing_enabled":true,"_links":{"self":[{"href":"https:\/\/zonaroja.com.mx\/index.php?rest_route=\/wp\/v2\/posts\/15644","targetHints":{"allow":["GET"]}}],"collection":[{"href":"https:\/\/zonaroja.com.mx\/index.php?rest_route=\/wp\/v2\/posts"}],"about":[{"href":"https:\/\/zonaroja.com.mx\/index.php?rest_route=\/wp\/v2\/types\/post"}],"author":[{"embeddable":true,"href":"https:\/\/zonaroja.com.mx\/index.php?rest_route=\/wp\/v2\/users\/2"}],"replies":[{"embeddable":true,"href":"https:\/\/zonaroja.com.mx\/index.php?rest_route=%2Fwp%2Fv2%2Fcomments&post=15644"}],"version-history":[{"count":1,"href":"https:\/\/zonaroja.com.mx\/index.php?rest_route=\/wp\/v2\/posts\/15644\/revisions"}],"predecessor-version":[{"id":15645,"href":"https:\/\/zonaroja.com.mx\/index.php?rest_route=\/wp\/v2\/posts\/15644\/revisions\/15645"}],"wp:featuredmedia":[{"embeddable":true,"href":"https:\/\/zonaroja.com.mx\/index.php?rest_route=\/wp\/v2\/media\/11132"}],"wp:attachment":[{"href":"https:\/\/zonaroja.com.mx\/index.php?rest_route=%2Fwp%2Fv2%2Fmedia&parent=15644"}],"wp:term":[{"taxonomy":"category","embeddable":true,"href":"https:\/\/zonaroja.com.mx\/index.php?rest_route=%2Fwp%2Fv2%2Fcategories&post=15644"},{"taxonomy":"post_tag","embeddable":true,"href":"https:\/\/zonaroja.com.mx\/index.php?rest_route=%2Fwp%2Fv2%2Ftags&post=15644"}],"curies":[{"name":"wp","href":"https:\/\/api.w.org\/{rel}","templated":true}]}}