{"id":15647,"date":"2020-07-30T13:21:04","date_gmt":"2020-07-30T18:21:04","guid":{"rendered":"https:\/\/www.zonaroja.com.mx\/?p=15647"},"modified":"2020-07-30T13:23:55","modified_gmt":"2020-07-30T18:23:55","slug":"pueblos-mixes-exigen-justicia-por-margarita-victima-de-la-violencia-de-genero","status":"publish","type":"post","link":"https:\/\/zonaroja.com.mx\/?p=15647","title":{"rendered":"Pueblos mixes exigen justicia por Margarita, v\u00edctima de la violencia de g\u00e9nero"},"content":{"rendered":"\n<p class=\"MsoNormal\">Yuridiana Sosa\/Zona Roja.&nbsp;<\/p>\n\n\n\n<p class=\"MsoNormal\">Oaxaca de Ju\u00e1rez, Oax., 30 de julio de 2020.- Por la reciente agresi\u00f3n de Margarita, mujer Ayuuk, del municipio de Santiago Ixcuintepec, por parte de su ex pareja sentimental y de otros hechos violentos contra las mujeres ind\u00edgenas de los pueblos mixes, la asociaci\u00f3n civil Servicios del Pueblo Mixe exigi\u00f3 justicia.<\/p>\n\n\n\n<p class=\"MsoNormal\">La poblaci\u00f3n demand\u00f3 a la Fiscal\u00eda General de Oaxaca una inmediata investigaci\u00f3n y castigo a la violencia de g\u00e9nero y feminicidios de la que cada vez son m\u00e1s las v\u00edctimas en sus comunidades de origen.&nbsp;<\/p>\n\n\n\n<p class=\"MsoNormal\">La asociaci\u00f3n acus\u00f3 que adem\u00e1s de las denuncias formales ante la Fiscal\u00eda de Oaxaca por agresiones contra mujeres, tambi\u00e9n lo han realizado en redes sociales para evidenciar los hechos o la lentitud de las autoridades para atender los casos.<\/p>\n\n\n\n<p class=\"MsoNormal\">En mayo pasado, apuntaron, dieron a conocer los agravios contra una mujer mixe originaria de la comunidad de San Juan Metaltepec.<\/p>\n\n\n\n<p class=\"MsoNormal\">\u201cHacemos un llamado a las autoridades del pueblo mixe, a velar por los derechos de las mujeres mixes y a no tolerar ning\u00fan tipo de violencia que menoscabe los derechos, integridad y la salud de las mujeres, es vital generar pol\u00edticas p\u00fablicas para prevenir y atender integralmente casos de violencia de g\u00e9nero\u201d, indicaron en un comunicado.<\/p>\n\n\n\n<p class=\"MsoNormal\">Recalcaron la petici\u00f3n a la Fiscal\u00eda General de Oaxaca de una investigaci\u00f3n exhaustiva, veraz e imparcial, para que se aplique la ley para encontrar justicia para Margarita, quien el pasado 29 de julio fue brutalmente golpeada por su ex pareja, identificada como Feliciano N., miembro activo de la Secretar\u00eda de Defensa Nacional (Sedena).<\/p>\n\n\n\n<p class=\"MsoNormal\">Para ella como para las otras mujeres ind\u00edgenas que han sufrido violencia, demandaron apoyo psicol\u00f3gico y seguridad para sus familiares, como lo establece el art\u00edculo 20 Bis de Ley Estatal de Acceso a las Mujeres.<\/p>\n","protected":false},"excerpt":{"rendered":"<p>Yuridiana Sosa\/Zona Roja.&nbsp; Oaxaca de Ju\u00e1rez, Oax., 30 de julio de 2020.- Por la reciente&hellip;<\/p>\n","protected":false},"author":2,"featured_media":15646,"comment_status":"closed","ping_status":"open","sticky":false,"template":"","format":"standard","meta":{"_lmt_disableupdate":"","_lmt_disable":"","_jetpack_memberships_contains_paid_content":false,"footnotes":""},"categories":[109,47],"tags":[1868,1055],"class_list":["post-15647","post","type-post","status-publish","format-standard","has-post-thumbnail","hentry","category-minuto-a-minuto","category-zona-gris","tag-santiago-ixcuintepec","tag-violencia-contra-mujeres"],"jetpack_featured_media_url":"https:\/\/zonaroja.com.mx\/wp-content\/uploads\/2020\/07\/img_4145.jpg","jetpack_sharing_enabled":true,"_links":{"self":[{"href":"https:\/\/zonaroja.com.mx\/index.php?rest_route=\/wp\/v2\/posts\/15647","targetHints":{"allow":["GET"]}}],"collection":[{"href":"https:\/\/zonaroja.com.mx\/index.php?rest_route=\/wp\/v2\/posts"}],"about":[{"href":"https:\/\/zonaroja.com.mx\/index.php?rest_route=\/wp\/v2\/types\/post"}],"author":[{"embeddable":true,"href":"https:\/\/zonaroja.com.mx\/index.php?rest_route=\/wp\/v2\/users\/2"}],"replies":[{"embeddable":true,"href":"https:\/\/zonaroja.com.mx\/index.php?rest_route=%2Fwp%2Fv2%2Fcomments&post=15647"}],"version-history":[{"count":1,"href":"https:\/\/zonaroja.com.mx\/index.php?rest_route=\/wp\/v2\/posts\/15647\/revisions"}],"predecessor-version":[{"id":15648,"href":"https:\/\/zonaroja.com.mx\/index.php?rest_route=\/wp\/v2\/posts\/15647\/revisions\/15648"}],"wp:featuredmedia":[{"embeddable":true,"href":"https:\/\/zonaroja.com.mx\/index.php?rest_route=\/wp\/v2\/media\/15646"}],"wp:attachment":[{"href":"https:\/\/zonaroja.com.mx\/index.php?rest_route=%2Fwp%2Fv2%2Fmedia&parent=15647"}],"wp:term":[{"taxonomy":"category","embeddable":true,"href":"https:\/\/zonaroja.com.mx\/index.php?rest_route=%2Fwp%2Fv2%2Fcategories&post=15647"},{"taxonomy":"post_tag","embeddable":true,"href":"https:\/\/zonaroja.com.mx\/index.php?rest_route=%2Fwp%2Fv2%2Ftags&post=15647"}],"curies":[{"name":"wp","href":"https:\/\/api.w.org\/{rel}","templated":true}]}}